{"id":1142,"date":"2024-11-12T11:25:48","date_gmt":"2024-11-12T10:25:48","guid":{"rendered":"https:\/\/association-recherche-enfance-adolescence.org\/?p=1142"},"modified":"2025-03-12T14:50:08","modified_gmt":"2025-03-12T13:50:08","slug":"numero-10-prevention-creation","status":"publish","type":"post","link":"https:\/\/association-recherche-enfance-adolescence.org\/index.php\/2024\/11\/12\/numero-10-prevention-creation\/","title":{"rendered":"Num\u00e9ro 10 Pr\u00e9vention\/Cr\u00e9ation"},"content":{"rendered":"<p>[et_pb_section fb_built=\u00a0\u00bb1&Prime; _builder_version=\u00a0\u00bb4.24.2&Prime; _module_preset=\u00a0\u00bbdefault\u00a0\u00bb global_colors_info=\u00a0\u00bb{}\u00a0\u00bb][et_pb_row _builder_version=\u00a0\u00bb4.24.2&Prime; _module_preset=\u00a0\u00bbdefault\u00a0\u00bb global_colors_info=\u00a0\u00bb{}\u00a0\u00bb][et_pb_column type=\u00a0\u00bb4_4&Prime; _builder_version=\u00a0\u00bb4.24.2&Prime; _module_preset=\u00a0\u00bbdefault\u00a0\u00bb global_colors_info=\u00a0\u00bb{}\u00a0\u00bb][et_pb_image src=\u00a0\u00bbhttps:\/\/association-recherche-enfance-adolescence.org\/wp-content\/uploads\/2024\/05\/nrea-10-1.jpg\u00a0\u00bb title_text=\u00a0\u00bbnrea 10&Prime; align=\u00a0\u00bbcenter\u00a0\u00bb _builder_version=\u00a0\u00bb4.24.2&Prime; _module_preset=\u00a0\u00bbdefault\u00a0\u00bb global_colors_info=\u00a0\u00bb{}\u00a0\u00bb][\/et_pb_image][et_pb_text _builder_version=\u00a0\u00bb4.24.2&Prime; _module_preset=\u00a0\u00bbdefault\u00a0\u00bb hover_enabled=\u00a0\u00bb0&Prime; global_colors_info=\u00a0\u00bb{}\u00a0\u00bb custom_padding=\u00a0\u00bb|||6px|false|false\u00a0\u00bb sticky_enabled=\u00a0\u00bb0&Prime;]<\/p>\n<div class=\"page\" title=\"Page 9\">\n<div class=\"layoutArea\">\n<div class=\"column\">\n<p><span>E\u0301DITORIAL<\/span><\/p>\n<\/div>\n<\/div>\n<div class=\"layoutArea\">\n<div class=\"column\">\n<p><span>SOMMAIRE<\/span><\/p>\n<\/div>\n<\/div>\n<div class=\"layoutArea\">\n<div class=\"column\">\n<p><span>Le pourquoi du comment<\/span><span>__________________________11 <\/span><span>Emmanuelle Granier<\/span><\/p>\n<p><span>INTRODUCTION<\/span><\/p>\n<\/div>\n<\/div>\n<div class=\"layoutArea\">\n<div class=\"column\">\n<p><span>1.<\/span><\/p>\n<\/div>\n<div class=\"column\">\n<p><span>Se\u0301gole\u0300ne Payan, Emmanuelle Granier, Aziz Essadek _____15<\/span><\/p>\n<p><span>Pre\u0301vention, me\u0301dias et sante\u0301 mentale ________ 19<\/span><\/p>\n<p><span>Lorquin:d\u2019unfestivala\u0300uncentrenational <\/span><span>___________21 <\/span><span>Alain Bouvarel, Michael Spreng<\/span><\/p>\n<p><span>La pre\u0301vention selon Yapaka <\/span><span>________________________ 35 <\/span><span>Philippe Petry<\/span><\/p>\n<p><span>Disruptionrelationnelleetenvironnement <\/span><span>___________47 <\/span><span>Marie-Claude Bossie\u0300re<\/span><\/p>\n<p><span>Du ne\u0301olibe\u0301ralisme a\u0300 la pornographie : les influenceurs, un marche\u0301 de dupes<\/span><span> <\/span><span>? <\/span><span>_______________________________ 65<\/span><\/p>\n<p><span>Catherine Zittoun<\/span><\/p>\n<p><span>Pratiques de terrain ______________________ 77<\/span><\/p>\n<p><span>Quand des enfants se mettent a\u0300 e\u0301crire <\/span><span>_______________ 79 <\/span><span>Isabelle Cha\u0302telet<\/span><\/p>\n<p><span>Re\u0301flexion d\u2019une e\u0301ducatrice de jeunes enfants en formation sur les soins en Relais Petite Enfance : Entre la bientraitance et la maltraitance&#8230; tout en nuances. <\/span><span>_____ 93<\/span><\/p>\n<p><span>Sabrina Becq<\/span><\/p>\n<p><span>Mon ve\u0301cu de professeur be\u0301ne\u0301vole a\u0300 domicile aupre\u0300s des enfants malades <\/span><span>________________________________ 107 <\/span><span>Ve\u0301ronique Lartaud ________________________________107<\/span><\/p>\n<p><span>Traces de la trace, histoire d\u2019une e\u0301criture (making off) <\/span><span>_ 113 <\/span><span>Claude Sternis<\/span><\/p>\n<\/div>\n<\/div>\n<div class=\"layoutArea\">\n<div class=\"column\">\n<p><span>2.<\/span><\/p>\n<\/div>\n<\/div>\n<\/div>\n<div class=\"page\" title=\"Page 10\">\n<div class=\"layoutArea\">\n<div class=\"column\">\n<p><span>3<\/span><span>.<\/span><\/p>\n<\/div>\n<\/div>\n<div class=\"layoutArea\">\n<div class=\"column\">\n<p><span>Actualite\u0301 de la pe\u0301dopsychiatrie : inquie\u0301tudes<\/span><span> <\/span><span>? 129<\/span><\/p>\n<p><span>Les \u00ab<\/span><span> <\/span><span>troubles du neuro-de\u0301veloppement<\/span><span> <\/span><span>\u00bb : concept et diagnostic(s) proble\u0301matique(s) aux multiples conse\u0301quences<\/span><span>______________________________________________ 131<\/span><\/p>\n<p><span>Anne Dele\u0300gue<\/span><\/p>\n<p><span>L\u2019autisme chez l\u2019enfant au Burkina Faso : donne\u0301es sociode\u0301mographiques <\/span><span>___________________________167<\/span><\/p>\n<p><span>Kapoune\u0301 Karfo<\/span><\/p>\n<p><span>Pratique clinique au sein d\u2019une E\u0301quipe mobile de psychiatrie pour Adolescent : e\u0301thique du cadre et transitionnalite\u0301 interinstitutionnelle <\/span><span>________________ 179<\/span><\/p>\n<p><span>Joachim Getzel, Anne Perret, Isabelle Tur<\/span><\/p>\n<p><span>Recensions __________________________________ 201<\/span><\/p>\n<p><span>Recension de \u00ab<\/span><span> <\/span><span>Nouvelles Cliniques<\/span><span> <\/span><span>\u00bb Par Antoine Courtecuisse,AntoineDevos. <\/span><span>_____________________203<\/span><\/p>\n<p><span>Recension de \u00ab<\/span><span> <\/span><span>Classe 70 : une enfance<\/span><span> <\/span><span>\u00bb.Ouvrage de PatrickCoupechoux.ParPaulMachto <\/span><span>______________207<\/span><\/p>\n<p><span>Recension de \u00ab Dans la peau d\u2019une interne en<br \/>psychiatrie \u00bbOuvrage de Myriam Freret-Hodara. Par Emmanuelle Granier<\/span><span>_____________________________ 211<\/span><\/p>\n<p><span>RE\u0301SUME\u0301S ET MOTS-CLE\u0301S _______________________ 215<\/span><\/p>\n<\/div>\n<\/div>\n<\/div>\n<p>[\/et_pb_text][et_pb_text _builder_version=\u00a0\u00bb4.24.2&Prime; _module_preset=\u00a0\u00bbdefault\u00a0\u00bb custom_padding=\u00a0\u00bb|||6px|false|false\u00a0\u00bb global_colors_info=\u00a0\u00bb{}\u00a0\u00bb]<\/p>\n<div class=\"page\" title=\"Page 215\">\n<div class=\"layoutArea\">\n<div class=\"column\">\n<p><span>RE\u0301SUME\u0301S ET MOTS-CLE\u0301S <\/span><\/p>\n<p><span><\/span><\/p>\n<p><span>Lorquin <\/span><span>: d\u2019un festival a\u0300 un centre national<\/span><\/p>\n<p><span>Alain Bouvarel, Michael Spreng<\/span><\/p>\n<p><span>Re\u0301sume\u0301 :<\/span><\/p>\n<p><span>L\u2019article retrace la cre\u0301ation et l\u2019importance des missions du <\/span><span>Centre National Audiovisuel en Sante\u0301 mentale (CNASM), <\/span><span>structure mise en \u0153uvre sous l\u2019e\u0301gide du <\/span><span>ministe\u0300re de la Sante\u0301 franc\u0327ais, en 1995. Acteur majeur pour la documentation et la formation dans le vaste champ de la sante\u0301 mentale, le CNASM <\/span><span>est l\u2019e\u0301manation du Festival international du film psy de Lorquin. Accompagnant l\u2019ouverture du monde de la psychiatrie et l\u2019essor <\/span><span>de la vide\u0301o, le Festival psy de Lorquin est de\u0300s les anne\u0301es 1980 et <\/span><span>jusqu\u2019a\u0300 ce jour, un lieu reconnu d\u2019e\u0301changes entre grand public, professionnels de l\u2019image et professionnels de la sante\u0301. Le <\/span><span>CN<\/span><span>ASM poursuit cette volonte\u0301 d\u2019ouverture par la diffusion au plus grand nombre d\u2019un fonds documentaire riche de plusieurs <\/span><span>milliers de films, dont une large se\u0301lection abordant la the\u0301matique <\/span><span>de l\u2019enfance et de l\u2019adolescence. L\u2019article s\u2019accompagne d\u2019une <\/span><span>analys<\/span><span>e d\u2019une dizaine de ces films.<\/span><\/p>\n<p><span>Mots-cle\u0301s : <\/span><span>sante\u0301 mentale, formation, documentaires, audiovisuel<\/span><\/p>\n<\/div>\n<\/div>\n<\/div>\n<div class=\"page\" title=\"Page 216\">\n<div class=\"layoutArea\">\n<div class=\"column\">\n<p>&nbsp;<\/p>\n<p><span>Disruption relationnelle et environnement Marie-Claude Bossie\u0300re<\/span><\/p>\n<p><span>Re\u0301sume\u0301 :<\/span><\/p>\n<p><span>La disruption relationnelle est de\u0301finie en paralle\u0300le avec les perturbateurs endocriniens, et la similitude en est de\u0301veloppe\u0301e. La relation entre le parent et <\/span><span>l\u2019enfant <\/span><span>est depuis longtemps reconnue comme fondamentale pour les professionnels de <\/span><span>l\u2019enfance <\/span><span>et les diffe\u0301rentes the\u0301ories psychologiques. On tentera de comprendre les effets toxiques de ces objets techniques que sont les e\u0301crans nume\u0301riques sur la relation et le de\u0301veloppement du jeune enfant.<\/span><\/p>\n<\/div>\n<\/div>\n<div class=\"layoutArea\">\n<div class=\"column\">\n<p><span>216<\/span><\/p>\n<\/div>\n<\/div>\n<\/div>\n<div class=\"page\" title=\"Page 217\">\n<div class=\"layoutArea\">\n<div class=\"column\">\n<p><span>Mots-cle\u0301s <\/span><span>: disruption, e\u0301crans nume\u0301riques, relation, interaction, prole\u0301tarisation<\/span><\/p>\n<p>&nbsp;<\/p>\n<p><span>Du ne\u0301olibe\u0301ralisme a\u0300 la pornographie : les influenceurs, un <\/span><span>marche\u0301 de dupes<\/span><span> <\/span><span>?<\/span><\/p>\n<p><span>Catherine Zittoun<\/span><\/p>\n<p><span>Re\u0301sume\u0301 <\/span><span>:<\/span><\/p>\n<p><span>L\u2019article de\u0301crypte les <\/span><span>me\u0301canismes psychopathologiques a\u0300 <\/span><span>l\u2019\u0153uvre dans la relation entre influenceurs et followers. Deux faces d\u2019une me\u0302me me\u0301daille, ceux<\/span><span>-ci partagent des signifiants e\u0301ducatifs et culturels communs qui les entrai\u0302nent vers des fonctionnements archai\u0308ques. Les uns et les autres dans un ide\u0301al narcissique de mai\u0302trise seraient-ils le jouet de forces <\/span><span>supe\u0301rieures<\/span><span> <\/span><span>?<\/span><\/p>\n<\/div>\n<\/div>\n<div class=\"layoutArea\">\n<div class=\"column\">\n<p><span>217<\/span><\/p>\n<\/div>\n<\/div>\n<\/div>\n<div class=\"page\" title=\"Page 218\">\n<div class=\"layoutArea\">\n<div class=\"column\">\n<p><span>Mots-cle\u0301s : <\/span><span>influenceurs, followers, couples de pulsions <\/span><span>partielles \u00ab<\/span><span> <\/span><span>voir<\/span><span>&#8211;<\/span><span>e\u0302tre vu<\/span><span> <\/span><span>\u00bb, \u00ab<\/span><span> <\/span><span>sadisme<\/span><span>&#8211;<\/span><span>masochisme<\/span><span> <\/span><span>\u00bb, narcissisme,<\/span><span>capitalisme<\/span><\/p>\n<p>&nbsp;<\/p>\n<\/div>\n<\/div>\n<div class=\"layoutArea\">\n<div class=\"column\">\n<p><span>Quand des enfants se mettent a\u0300 e\u0301crire<\/span><\/p>\n<p><span>Re\u0301sume\u0301 <\/span><span>:<\/span><\/p>\n<\/div>\n<div class=\"column\">\n<p><span>Isabelle Cha\u0302telet<\/span><\/p>\n<\/div>\n<\/div>\n<div class=\"layoutArea\">\n<div class=\"column\">\n<p><span>A\u0300 partir de la pratique d\u2019un atelier d\u2019e\u0301criture avec des enfants dans un CMP, il s\u2019agit de s\u2019interroger sur ce que leurs difficulte\u0301s nous apprennent lorsqu\u2019ils se mettent a\u0300 lire et a\u0300 e\u0301crire, mais aussi sur l\u2019inte\u0301re\u0302t qu\u2019ils trouvent a\u0300 s\u2019engager dans ces con<\/span><span>traintes-la\u0300. <\/span><span>Elles reconduisent la contrainte primordiale et ine\u0301vitable d\u2019e\u0302tre plonge\u0301 dans le bain du langage. Or, s\u2019il n\u2019y a pas de continuite\u0301 entre le dessin et l\u2019e\u0301criture, comme beaucoup l\u2019affirment, est<\/span><span>-il possible que ces enfants, qui pre\u0301fe\u0300rent souvent dessiner et <\/span><span>colorier pluto\u0302t qu\u2019e\u0301crire, s\u2019amusent et jouent avec les lettres, les <\/span><span>mots, encore associe\u0301s a\u0300 une obligation scolaire qui les rebute et <\/span><span>les assigne a\u0300 un effort d\u2019ou\u0300 le plaisir s\u2019absente<\/span><span> <\/span><span>?<\/span><\/p>\n<\/div>\n<\/div>\n<div class=\"layoutArea\">\n<div class=\"column\">\n<p><span>218<\/span><\/p>\n<\/div>\n<\/div>\n<\/div>\n<div class=\"page\" title=\"Page 219\">\n<div class=\"layoutArea\">\n<div class=\"column\">\n<p><span>Mots cle\u0301s <\/span><span>: atelier d\u2019e\u0301criture, contrainte, dessin, e\u0301crire, jouer, lire<\/span><\/p>\n<p>&nbsp;<\/p>\n<p><span>Re\u0301flexion d\u2019une e\u0301ducatrice de jeunes enfants en formation <\/span><span>sur les soins en Relais Petite Enfance : Entre la bientraitance <\/span><span>et la maltraitance&#8230; tout en nuances.<\/span><\/p>\n<p><span>Sabrina Becq<\/span><\/p>\n<p><span>Re\u0301sume\u0301 :<\/span><\/p>\n<p><span>Dans le cadre de la formation d\u2019E\u0301ducateur de Jeunes Enfants, j\u2019ai effectue\u0301 mon premier stage au sein d\u2019un Relais d\u2019Assistants<\/span><span>Maternels itine\u0301rant, maintenant renomme\u0301 Relais Petite Enfance. <\/span><span>L\u2019observation d\u2019un soin prodigue\u0301 a\u0300 un jeune enfant par une professionnelle de l\u2019accueil individuel, lors d\u2019un temps collectif, <\/span><span style=\"font-size: 14px;\">m\u2019a entraine\u0301e dans des questionnements autour de la <\/span><span style=\"font-size: 14px;\">bientraitance et de la maltraitance, et de toutes les pratiques qui <\/span><span style=\"font-size: 14px;\">ne semblent pas explicitement rentrer dans l\u2019une de ces deux <\/span><span style=\"font-size: 14px;\">cases.<\/span><\/p>\n<\/div>\n<\/div>\n<\/div>\n<div class=\"page\" title=\"Page 220\">\n<div class=\"layoutArea\">\n<div class=\"column\">\n<p><span>Apre\u0300s un rappel de la place de l\u2019enfant dans la socie\u0301te\u0301 a\u0300 travers l\u2019histoire viendra une analyse d\u2019un soin observe\u0301. Cette re\u0301flexion ame\u0300nera a\u0300 un e\u0301claircissement du ro\u0302le de l\u2019e\u0301ducateur de jeunes <\/span><span>enfants aupre\u0300s du jeune public.<\/span><\/p>\n<p><span>Mots cle\u0301s : e<\/span><span>nfant, soin, accompagnement, pratique professionnelle, parentalite\u0301.<\/span><\/p>\n<p>&nbsp;<\/p>\n<p><span>Mon ve\u0301cu de professeur be\u0301ne\u0301vole a\u0300 domicile aupre\u0300s des enfants malades<\/span><\/p>\n<\/div>\n<\/div>\n<div class=\"layoutArea\">\n<div class=\"column\">\n<p><span>220<\/span><\/p>\n<\/div>\n<\/div>\n<\/div>\n<div class=\"page\" title=\"Page 221\">\n<div class=\"layoutArea\">\n<div class=\"column\">\n<p><span>Re\u0301sume\u0301 :<\/span><\/p>\n<\/div>\n<\/div>\n<div class=\"layoutArea\">\n<div class=\"column\">\n<p><span>Depuis 7 ans, je suis enseignante de mathe\u0301matique be\u0301ne\u0301vole a\u0300 <\/span><span>domicile, au sein d\u2019une association de soutien scolaire aux <\/span><span>enfants <\/span><span>malades, base\u0301e au Po\u0302le Aquitain de l\u2019Adolescent a\u0300 Bordeaux. Je parle ici de ma pratique, de ce qu\u2019elle apporte, je l\u2019espe\u0300re, a\u0300 mes e\u0301le\u0300ves et a\u0300 moi e\u0301galement. Je sugge\u0300re aussi quelques axes d\u2019ame\u0301lioration. Car le be\u0301ne\u0301volat, c\u0327a doit e\u0302tre du <\/span><span>gagnant-gagnant pour e\u0302tre efficace.<\/span><\/p>\n<p><span>Mots cle\u0301s: <\/span><span>be\u0301ne\u0301volat <\/span><span>\u2014 <\/span><span>enseignement <\/span><span>\u2014 <\/span><span>adolescent <\/span><span>\u2014 <\/span><span>empathie<\/span><\/p>\n<p>&nbsp;<\/p>\n<p><span>Claude Sternis<\/span><\/p>\n<p><span>Re\u0301sume\u0301 :<\/span><\/p>\n<p><span>Cet article propose, sous la forme d\u2019un te\u0301moignage, de pre\u0301senter la mise en chantier colle\u0301giale d\u2019un livre issu d\u2019un colloque, et du<\/span><\/p>\n<\/div>\n<\/div>\n<div class=\"layoutArea\">\n<div class=\"column\">\n<p><span>221<\/span><\/p>\n<\/div>\n<\/div>\n<div class=\"layoutArea\">\n<div class=\"column\">\n<p><span>Ve\u0301ronique Lartaud<\/span><\/p>\n<\/div>\n<\/div>\n<\/div>\n<div class=\"page\" title=\"Page 222\">\n<div class=\"layoutArea\">\n<div class=\"column\">\n<p><span>collectif associe\u0301, de la naissance du projet a\u0300 son aboutissement. <\/span><span>L\u2019auteur s\u2019appuie pour cela sur la question des e\u0301tapes successives <\/span><span>de la trace et de la symbolisation, a\u0300 partir des impre\u0301gnations sensorielles, me\u0301taphores de la dialectique contenant\/contenu et <\/span><span>de l\u2019articulation psyche\u0301<\/span><span>-soma rencontre\u0301es dans le de\u0301veloppement <\/span><span>humain, dans l\u2019accession a\u0300 l\u2019e\u0301criture et en atelier d\u2019expression a\u0300<\/span><span>me\u0301diations the\u0301rapeutiques.<\/span><\/p>\n<p><span>Mots cle\u0301s <\/span><span>: collectif, e\u0301criture, livre, symbolisation, trace<\/span><\/p>\n<p><span><br \/><\/span><span>Les \u00ab<\/span><span> <\/span><span>troubles du neuro<\/span><span>&#8211;<\/span><span>de\u0301veloppement<\/span><span> <\/span><span>\u00bb <\/span><span>: concept et <\/span><span style=\"font-size: 14px;\">diagnostic(s) proble\u0301matique(s) aux multiples conse\u0301quences<\/span><\/p>\n<p><span>Anne Dele\u0300gue<\/span><\/p>\n<p><span>Re\u0301sume\u0301 <\/span><span>:<\/span><\/p>\n<p><span>Le concept de \u00ab<\/span><span> <\/span><span>troubles neurode\u0301veloppementaux<\/span><span> <\/span><span>\u00bb diffuse\u0301<\/span><\/p>\n<p><span>depuis dix ans dans la nomenclature psychiatrique internationale par le DSM est examine\u0301 : historique, composition de\u0301taille\u0301e (DSM-5 et CIM-11), position de la CFTMEA, validite\u0301 scientifique et e\u0301piste\u0301mologique, lien avec la <\/span><span>psychiatrie <\/span><span style=\"font-size: 14px;\">biologique<\/span><span style=\"font-size: 14px;\">, enfin conse\u0301quences <\/span><span style=\"font-size: 14px;\">: abandon d\u2019une <\/span><span style=\"font-size: 14px;\">psychopathologie plurielle, neurologisation et <\/span><span style=\"font-size: 14px;\">\u00ab<\/span><span style=\"font-size: 14px;\"> <\/span><span style=\"font-size: 14px;\">standardisation<\/span><span style=\"font-size: 14px;\"> <\/span><span style=\"font-size: 14px;\">\u00bb <\/span><span style=\"font-size: 14px;\">conceptuelles, diagnostiques et soignantes de la pe\u0301dopsychiatrie, posant des proble\u0300mes e\u0301thiques de la me\u0302me <\/span><span style=\"font-size: 14px;\">importance que la pathologisation de l\u2019homosexualite\u0301 en son <\/span><span style=\"font-size: 14px;\">temps.<\/span><\/p>\n<\/div>\n<\/div>\n<\/div>\n<div class=\"page\" title=\"Page 223\">\n<div class=\"layoutArea\">\n<div class=\"column\">\n<p><span>Mots-cle\u0301s<\/span><span>: troubles neurode\u0301veloppementaux-pe\u0301dopsychiatrie- e\u0301piste\u0301mologie-e\u0301thique-soins psychiatriques<\/span><\/p>\n<p><span><br \/><\/span><span>L\u2019autisme chez l\u2019enfant au Burkina Faso<\/span><span>: donne\u0301es sociode\u0301mographiques<\/span><\/p>\n<p><span>Kapoune\u0301 Karfo<\/span><\/p>\n<p><span>Re\u0301sume\u0301 :<\/span><\/p>\n<p><span>Re\u0301sultats <\/span><span>: au total, 121 <\/span><span>enfants ont e\u0301te\u0301 inclus dans l\u2019e\u0301tude. <\/span><span>Parmi ces enfants, 26,44 <\/span><span>% e\u0301taient autistes. La tranche d\u2019a\u0302ge la <\/span><span>plus repre\u0301sente\u0301e e\u0301tait comprise entre 1 et 4 ans avec un a\u0302ge moyen de 5,53 ans. Le sexe-ratio de 3 garc\u0327ons pour une fille e\u0301tait <\/span><span style=\"font-size: 14px;\">retrouve\u0301. Plus de la moitie\u0301 des enfants autistes (71,9 %) ont e\u0301te\u0301 accouche\u0301s par voie basse et 15,4 % de ces enfants ont e\u0301te\u0301 <\/span><span style=\"font-size: 14px;\">victimes d\u2019une circulaire de cordon. Parmi les enfants autistes, <\/span><span style=\"font-size: 14px;\">46,9 <\/span><span style=\"font-size: 14px;\">% n\u2019e\u0301taient pas scolarise\u0301s. Les parents e\u0301taient salarie\u0301s pour <\/span><span style=\"font-size: 14px;\">75 % des pe\u0300res et 50 % des me\u0300res. Cependant, une association a <\/span><span style=\"font-size: 14px;\">e\u0301te\u0301 retrouve\u0301e entre l\u2019a\u0302ge, le niveau d\u2019e\u0301ducation, la profession des pe\u0300res, le mode d\u2019accouchement de l\u2019enfant et l\u2019ante\u0301ce\u0301dent de circulaire du cordon et l\u2019autisme.<\/span><\/p>\n<\/div>\n<\/div>\n<\/div>\n<div class=\"page\" title=\"Page 224\">\n<div class=\"layoutArea\">\n<div class=\"column\">\n<p><span>Mots cle\u0301s <\/span><span>: e\u0301pide\u0301miologie, cliniques, autisme, pe\u0301dopsychiatrie, Burkina Faso<\/span><\/p>\n<p>&nbsp;<\/p>\n<p><span>Pratique clinique au sein d\u2019une E\u0301quipe mobile de psychiatrie <\/span><span>pour Adolescent: e\u0301thique du cadre et transitionnalite\u0301 interinstitutionnelle<\/span><\/p>\n<p><span>Joachim Getzel, Anne Perret, Isabelle Tur<\/span><\/p>\n<\/div>\n<\/div>\n<div class=\"layoutArea\">\n<div class=\"column\">\n<p>&nbsp;<\/p>\n<\/div>\n<\/div>\n<\/div>\n<div class=\"page\" title=\"Page 225\">\n<div class=\"layoutArea\">\n<div class=\"column\">\n<p><span>Re\u0301sume\u0301 :<\/span><\/p>\n<p><span>Cet article rend compte des e\u0301laborations the\u0301oriques et pratiques <\/span><span>d\u2019une e\u0301quipe mobile de psychiatrie de l\u2019adolescent. Ces pratiques <\/span><span>en constante e\u0301volution ont permis de mettre en place une <\/span><span>approche adapte\u0301e a\u0300 chaque situation en plac\u0327ant l\u2019adolescent(e) et <\/span><span>sa <\/span><span>famille au c\u0153ur de la re\u0301flexion et du projet de soin. Les <\/span><span>parcours complexes de ces adolescents sont souvent en lien avec des prises en charge pluri-institutionnelles morcele\u0301es et <\/span><span>discontinues. L\u2019e\u0301quipe mobile ayant pour vocation de \u00ab<\/span><span> <\/span><span>Faire <\/span><span>e\u0301quipe avec le<\/span><span>s e\u0301quipes<\/span><span> <\/span><span>\u00bb met en lumie\u0300re l\u2019importance d\u2019associer <\/span><span>les services e\u0301ducatifs, sociaux et judiciaires dans nos pratiques et nos re\u0301flexions me\u0301dicales et parame\u0301dicales.<\/span><\/p>\n<p><span>Mots cle\u0301s <\/span><span>: psychiatrie, adolescent, mobile, e\u0301laboration, trajectoire.<\/span><\/p>\n<p>&nbsp;<\/p>\n<\/div>\n<\/div>\n<\/div>\n<p>[\/et_pb_text][\/et_pb_column][\/et_pb_row][\/et_pb_section]<\/p>\n","protected":false},"excerpt":{"rendered":"<p>E\u0301DITORIAL SOMMAIRE Le pourquoi du comment__________________________11 Emmanuelle Granier INTRODUCTION 1. Se\u0301gole\u0300ne Payan, Emmanuelle Granier, Aziz Essadek _____15 Pre\u0301vention, me\u0301dias et sante\u0301 mentale ________ 19 Lorquin:d\u2019unfestivala\u0300uncentrenational ___________21 Alain Bouvarel, Michael Spreng La pre\u0301vention selon Yapaka ________________________ 35 Philippe Petry Disruptionrelationnelleetenvironnement ___________47 Marie-Claude Bossie\u0300re Du ne\u0301olibe\u0301ralisme a\u0300 la pornographie : les influenceurs, un marche\u0301 de dupes ? [&hellip;]<\/p>\n","protected":false},"author":1,"featured_media":0,"comment_status":"closed","ping_status":"closed","sticky":false,"template":"","format":"standard","meta":{"_et_pb_use_builder":"on","_et_pb_old_content":"","_et_gb_content_width":"","footnotes":""},"categories":[1],"tags":[],"class_list":["post-1142","post","type-post","status-publish","format-standard","hentry","category-non-classe"],"yoast_head":"<!-- This site is optimized with the Yoast SEO plugin v18.2 - https:\/\/yoast.com\/wordpress\/plugins\/seo\/ -->\n<title>Num\u00e9ro 10 Pr\u00e9vention\/Cr\u00e9ation - AREA<\/title>\n<meta name=\"robots\" content=\"index, follow, max-snippet:-1, max-image-preview:large, max-video-preview:-1\" \/>\n<link rel=\"canonical\" href=\"https:\/\/association-recherche-enfance-adolescence.org\/index.php\/2024\/11\/12\/numero-10-prevention-creation\/\" \/>\n<meta property=\"og:locale\" content=\"fr_FR\" \/>\n<meta property=\"og:type\" content=\"article\" \/>\n<meta property=\"og:title\" content=\"Num\u00e9ro 10 Pr\u00e9vention\/Cr\u00e9ation - AREA\" \/>\n<meta property=\"og:description\" content=\"E\u0301DITORIAL SOMMAIRE Le pourquoi du comment__________________________11 Emmanuelle Granier INTRODUCTION 1. Se\u0301gole\u0300ne Payan, Emmanuelle Granier, Aziz Essadek _____15 Pre\u0301vention, me\u0301dias et sante\u0301 mentale ________ 19 Lorquin:d\u2019unfestivala\u0300uncentrenational ___________21 Alain Bouvarel, Michael Spreng La pre\u0301vention selon Yapaka ________________________ 35 Philippe Petry Disruptionrelationnelleetenvironnement ___________47 Marie-Claude Bossie\u0300re Du ne\u0301olibe\u0301ralisme a\u0300 la pornographie : les influenceurs, un marche\u0301 de dupes ? [&hellip;]\" \/>\n<meta property=\"og:url\" content=\"https:\/\/association-recherche-enfance-adolescence.org\/index.php\/2024\/11\/12\/numero-10-prevention-creation\/\" \/>\n<meta property=\"og:site_name\" content=\"AREA\" \/>\n<meta property=\"article:published_time\" content=\"2024-11-12T10:25:48+00:00\" \/>\n<meta property=\"article:modified_time\" content=\"2025-03-12T13:50:08+00:00\" \/>\n<meta name=\"twitter:card\" content=\"summary_large_image\" \/>\n<meta name=\"twitter:label1\" content=\"\u00c9crit par\" \/>\n\t<meta name=\"twitter:data1\" content=\"vinz\" \/>\n\t<meta name=\"twitter:label2\" content=\"Dur\u00e9e de lecture estim\u00e9e\" \/>\n\t<meta name=\"twitter:data2\" content=\"9 minutes\" \/>\n<script type=\"application\/ld+json\" class=\"yoast-schema-graph\">{\"@context\":\"https:\/\/schema.org\",\"@graph\":[{\"@type\":\"Organization\",\"@id\":\"https:\/\/association-recherche-enfance-adolescence.org\/#organization\",\"name\":\"Association pour la Recherche sur l\u2019Enfance et l\u2019Adolescence\",\"url\":\"https:\/\/association-recherche-enfance-adolescence.org\/\",\"sameAs\":[],\"logo\":{\"@type\":\"ImageObject\",\"@id\":\"https:\/\/association-recherche-enfance-adolescence.org\/#logo\",\"inLanguage\":\"fr-FR\",\"url\":\"https:\/\/association-recherche-enfance-adolescence.org\/wp-content\/uploads\/2022\/03\/logo-area-.png\",\"contentUrl\":\"https:\/\/association-recherche-enfance-adolescence.org\/wp-content\/uploads\/2022\/03\/logo-area-.png\",\"width\":400,\"height\":447,\"caption\":\"Association pour la Recherche sur l\u2019Enfance et l\u2019Adolescence\"},\"image\":{\"@id\":\"https:\/\/association-recherche-enfance-adolescence.org\/#logo\"}},{\"@type\":\"WebSite\",\"@id\":\"https:\/\/association-recherche-enfance-adolescence.org\/#website\",\"url\":\"https:\/\/association-recherche-enfance-adolescence.org\/\",\"name\":\"AREA\",\"description\":\"Association de Recherche sur l&#039;Enfance et l&#039;Adolescence\",\"publisher\":{\"@id\":\"https:\/\/association-recherche-enfance-adolescence.org\/#organization\"},\"potentialAction\":[{\"@type\":\"SearchAction\",\"target\":{\"@type\":\"EntryPoint\",\"urlTemplate\":\"https:\/\/association-recherche-enfance-adolescence.org\/?s={search_term_string}\"},\"query-input\":\"required name=search_term_string\"}],\"inLanguage\":\"fr-FR\"},{\"@type\":\"WebPage\",\"@id\":\"https:\/\/association-recherche-enfance-adolescence.org\/index.php\/2024\/11\/12\/numero-10-prevention-creation\/#webpage\",\"url\":\"https:\/\/association-recherche-enfance-adolescence.org\/index.php\/2024\/11\/12\/numero-10-prevention-creation\/\",\"name\":\"Num\u00e9ro 10 Pr\u00e9vention\/Cr\u00e9ation - AREA\",\"isPartOf\":{\"@id\":\"https:\/\/association-recherche-enfance-adolescence.org\/#website\"},\"datePublished\":\"2024-11-12T10:25:48+00:00\",\"dateModified\":\"2025-03-12T13:50:08+00:00\",\"breadcrumb\":{\"@id\":\"https:\/\/association-recherche-enfance-adolescence.org\/index.php\/2024\/11\/12\/numero-10-prevention-creation\/#breadcrumb\"},\"inLanguage\":\"fr-FR\",\"potentialAction\":[{\"@type\":\"ReadAction\",\"target\":[\"https:\/\/association-recherche-enfance-adolescence.org\/index.php\/2024\/11\/12\/numero-10-prevention-creation\/\"]}]},{\"@type\":\"BreadcrumbList\",\"@id\":\"https:\/\/association-recherche-enfance-adolescence.org\/index.php\/2024\/11\/12\/numero-10-prevention-creation\/#breadcrumb\",\"itemListElement\":[{\"@type\":\"ListItem\",\"position\":1,\"name\":\"Accueil\",\"item\":\"https:\/\/association-recherche-enfance-adolescence.org\/\"},{\"@type\":\"ListItem\",\"position\":2,\"name\":\"Num\u00e9ro 10 Pr\u00e9vention\/Cr\u00e9ation\"}]},{\"@type\":\"Article\",\"@id\":\"https:\/\/association-recherche-enfance-adolescence.org\/index.php\/2024\/11\/12\/numero-10-prevention-creation\/#article\",\"isPartOf\":{\"@id\":\"https:\/\/association-recherche-enfance-adolescence.org\/index.php\/2024\/11\/12\/numero-10-prevention-creation\/#webpage\"},\"author\":{\"@id\":\"https:\/\/association-recherche-enfance-adolescence.org\/#\/schema\/person\/fbd4fdbaa46fda5229375ce86e3e0009\"},\"headline\":\"Num\u00e9ro 10 Pr\u00e9vention\/Cr\u00e9ation\",\"datePublished\":\"2024-11-12T10:25:48+00:00\",\"dateModified\":\"2025-03-12T13:50:08+00:00\",\"mainEntityOfPage\":{\"@id\":\"https:\/\/association-recherche-enfance-adolescence.org\/index.php\/2024\/11\/12\/numero-10-prevention-creation\/#webpage\"},\"wordCount\":1776,\"publisher\":{\"@id\":\"https:\/\/association-recherche-enfance-adolescence.org\/#organization\"},\"inLanguage\":\"fr-FR\"},{\"@type\":\"Person\",\"@id\":\"https:\/\/association-recherche-enfance-adolescence.org\/#\/schema\/person\/fbd4fdbaa46fda5229375ce86e3e0009\",\"name\":\"vinz\",\"url\":\"https:\/\/association-recherche-enfance-adolescence.org\/index.php\/author\/vinz\/\"}]}<\/script>\n<!-- \/ Yoast SEO plugin. -->","yoast_head_json":{"title":"Num\u00e9ro 10 Pr\u00e9vention\/Cr\u00e9ation - AREA","robots":{"index":"index","follow":"follow","max-snippet":"max-snippet:-1","max-image-preview":"max-image-preview:large","max-video-preview":"max-video-preview:-1"},"canonical":"https:\/\/association-recherche-enfance-adolescence.org\/index.php\/2024\/11\/12\/numero-10-prevention-creation\/","og_locale":"fr_FR","og_type":"article","og_title":"Num\u00e9ro 10 Pr\u00e9vention\/Cr\u00e9ation - AREA","og_description":"E\u0301DITORIAL SOMMAIRE Le pourquoi du comment__________________________11 Emmanuelle Granier INTRODUCTION 1. Se\u0301gole\u0300ne Payan, Emmanuelle Granier, Aziz Essadek _____15 Pre\u0301vention, me\u0301dias et sante\u0301 mentale ________ 19 Lorquin:d\u2019unfestivala\u0300uncentrenational ___________21 Alain Bouvarel, Michael Spreng La pre\u0301vention selon Yapaka ________________________ 35 Philippe Petry Disruptionrelationnelleetenvironnement ___________47 Marie-Claude Bossie\u0300re Du ne\u0301olibe\u0301ralisme a\u0300 la pornographie : les influenceurs, un marche\u0301 de dupes ? [&hellip;]","og_url":"https:\/\/association-recherche-enfance-adolescence.org\/index.php\/2024\/11\/12\/numero-10-prevention-creation\/","og_site_name":"AREA","article_published_time":"2024-11-12T10:25:48+00:00","article_modified_time":"2025-03-12T13:50:08+00:00","twitter_card":"summary_large_image","twitter_misc":{"\u00c9crit par":"vinz","Dur\u00e9e de lecture estim\u00e9e":"9 minutes"},"schema":{"@context":"https:\/\/schema.org","@graph":[{"@type":"Organization","@id":"https:\/\/association-recherche-enfance-adolescence.org\/#organization","name":"Association pour la Recherche sur l\u2019Enfance et l\u2019Adolescence","url":"https:\/\/association-recherche-enfance-adolescence.org\/","sameAs":[],"logo":{"@type":"ImageObject","@id":"https:\/\/association-recherche-enfance-adolescence.org\/#logo","inLanguage":"fr-FR","url":"https:\/\/association-recherche-enfance-adolescence.org\/wp-content\/uploads\/2022\/03\/logo-area-.png","contentUrl":"https:\/\/association-recherche-enfance-adolescence.org\/wp-content\/uploads\/2022\/03\/logo-area-.png","width":400,"height":447,"caption":"Association pour la Recherche sur l\u2019Enfance et l\u2019Adolescence"},"image":{"@id":"https:\/\/association-recherche-enfance-adolescence.org\/#logo"}},{"@type":"WebSite","@id":"https:\/\/association-recherche-enfance-adolescence.org\/#website","url":"https:\/\/association-recherche-enfance-adolescence.org\/","name":"AREA","description":"Association de Recherche sur l&#039;Enfance et l&#039;Adolescence","publisher":{"@id":"https:\/\/association-recherche-enfance-adolescence.org\/#organization"},"potentialAction":[{"@type":"SearchAction","target":{"@type":"EntryPoint","urlTemplate":"https:\/\/association-recherche-enfance-adolescence.org\/?s={search_term_string}"},"query-input":"required name=search_term_string"}],"inLanguage":"fr-FR"},{"@type":"WebPage","@id":"https:\/\/association-recherche-enfance-adolescence.org\/index.php\/2024\/11\/12\/numero-10-prevention-creation\/#webpage","url":"https:\/\/association-recherche-enfance-adolescence.org\/index.php\/2024\/11\/12\/numero-10-prevention-creation\/","name":"Num\u00e9ro 10 Pr\u00e9vention\/Cr\u00e9ation - AREA","isPartOf":{"@id":"https:\/\/association-recherche-enfance-adolescence.org\/#website"},"datePublished":"2024-11-12T10:25:48+00:00","dateModified":"2025-03-12T13:50:08+00:00","breadcrumb":{"@id":"https:\/\/association-recherche-enfance-adolescence.org\/index.php\/2024\/11\/12\/numero-10-prevention-creation\/#breadcrumb"},"inLanguage":"fr-FR","potentialAction":[{"@type":"ReadAction","target":["https:\/\/association-recherche-enfance-adolescence.org\/index.php\/2024\/11\/12\/numero-10-prevention-creation\/"]}]},{"@type":"BreadcrumbList","@id":"https:\/\/association-recherche-enfance-adolescence.org\/index.php\/2024\/11\/12\/numero-10-prevention-creation\/#breadcrumb","itemListElement":[{"@type":"ListItem","position":1,"name":"Accueil","item":"https:\/\/association-recherche-enfance-adolescence.org\/"},{"@type":"ListItem","position":2,"name":"Num\u00e9ro 10 Pr\u00e9vention\/Cr\u00e9ation"}]},{"@type":"Article","@id":"https:\/\/association-recherche-enfance-adolescence.org\/index.php\/2024\/11\/12\/numero-10-prevention-creation\/#article","isPartOf":{"@id":"https:\/\/association-recherche-enfance-adolescence.org\/index.php\/2024\/11\/12\/numero-10-prevention-creation\/#webpage"},"author":{"@id":"https:\/\/association-recherche-enfance-adolescence.org\/#\/schema\/person\/fbd4fdbaa46fda5229375ce86e3e0009"},"headline":"Num\u00e9ro 10 Pr\u00e9vention\/Cr\u00e9ation","datePublished":"2024-11-12T10:25:48+00:00","dateModified":"2025-03-12T13:50:08+00:00","mainEntityOfPage":{"@id":"https:\/\/association-recherche-enfance-adolescence.org\/index.php\/2024\/11\/12\/numero-10-prevention-creation\/#webpage"},"wordCount":1776,"publisher":{"@id":"https:\/\/association-recherche-enfance-adolescence.org\/#organization"},"inLanguage":"fr-FR"},{"@type":"Person","@id":"https:\/\/association-recherche-enfance-adolescence.org\/#\/schema\/person\/fbd4fdbaa46fda5229375ce86e3e0009","name":"vinz","url":"https:\/\/association-recherche-enfance-adolescence.org\/index.php\/author\/vinz\/"}]}},"_links":{"self":[{"href":"https:\/\/association-recherche-enfance-adolescence.org\/index.php\/wp-json\/wp\/v2\/posts\/1142","targetHints":{"allow":["GET"]}}],"collection":[{"href":"https:\/\/association-recherche-enfance-adolescence.org\/index.php\/wp-json\/wp\/v2\/posts"}],"about":[{"href":"https:\/\/association-recherche-enfance-adolescence.org\/index.php\/wp-json\/wp\/v2\/types\/post"}],"author":[{"embeddable":true,"href":"https:\/\/association-recherche-enfance-adolescence.org\/index.php\/wp-json\/wp\/v2\/users\/1"}],"replies":[{"embeddable":true,"href":"https:\/\/association-recherche-enfance-adolescence.org\/index.php\/wp-json\/wp\/v2\/comments?post=1142"}],"version-history":[{"count":9,"href":"https:\/\/association-recherche-enfance-adolescence.org\/index.php\/wp-json\/wp\/v2\/posts\/1142\/revisions"}],"predecessor-version":[{"id":1232,"href":"https:\/\/association-recherche-enfance-adolescence.org\/index.php\/wp-json\/wp\/v2\/posts\/1142\/revisions\/1232"}],"wp:attachment":[{"href":"https:\/\/association-recherche-enfance-adolescence.org\/index.php\/wp-json\/wp\/v2\/media?parent=1142"}],"wp:term":[{"taxonomy":"category","embeddable":true,"href":"https:\/\/association-recherche-enfance-adolescence.org\/index.php\/wp-json\/wp\/v2\/categories?post=1142"},{"taxonomy":"post_tag","embeddable":true,"href":"https:\/\/association-recherche-enfance-adolescence.org\/index.php\/wp-json\/wp\/v2\/tags?post=1142"}],"curies":[{"name":"wp","href":"https:\/\/api.w.org\/{rel}","templated":true}]}}