{"id":1222,"date":"2025-03-12T14:29:47","date_gmt":"2025-03-12T13:29:47","guid":{"rendered":"https:\/\/association-recherche-enfance-adolescence.org\/?p=1222"},"modified":"2025-03-12T14:37:41","modified_gmt":"2025-03-12T13:37:41","slug":"1222","status":"publish","type":"post","link":"https:\/\/association-recherche-enfance-adolescence.org\/index.php\/2025\/03\/12\/1222\/","title":{"rendered":"n\u00b011 L&rsquo;autre lyc\u00e9e : le Paris des pratiques institutionnelles"},"content":{"rendered":"<p>[et_pb_section fb_built=\u00a0\u00bb1&Prime; _builder_version=\u00a0\u00bb4.24.2&Prime; _module_preset=\u00a0\u00bbdefault\u00a0\u00bb global_colors_info=\u00a0\u00bb{}\u00a0\u00bb][et_pb_row _builder_version=\u00a0\u00bb4.24.2&Prime; _module_preset=\u00a0\u00bbdefault\u00a0\u00bb global_colors_info=\u00a0\u00bb{}\u00a0\u00bb][et_pb_column type=\u00a0\u00bb4_4&Prime; _builder_version=\u00a0\u00bb4.24.2&Prime; _module_preset=\u00a0\u00bbdefault\u00a0\u00bb global_colors_info=\u00a0\u00bb{}\u00a0\u00bb][et_pb_image src=\u00a0\u00bbhttps:\/\/association-recherche-enfance-adolescence.org\/wp-content\/uploads\/2025\/03\/NREA-11-couv.jpg\u00a0\u00bb title_text=\u00a0\u00bbNREA 11&Prime; _builder_version=\u00a0\u00bb4.24.2&Prime; _module_preset=\u00a0\u00bbdefault\u00a0\u00bb global_colors_info=\u00a0\u00bb{}\u00a0\u00bb][\/et_pb_image][\/et_pb_column][\/et_pb_row][et_pb_row _builder_version=\u00a0\u00bb4.24.2&Prime; _module_preset=\u00a0\u00bbdefault\u00a0\u00bb hover_enabled=\u00a0\u00bb0&Prime; global_colors_info=\u00a0\u00bb{}\u00a0\u00bb custom_padding=\u00a0\u00bb|||6px|false|false\u00a0\u00bb sticky_enabled=\u00a0\u00bb0&Prime;][et_pb_column type=\u00a0\u00bb4_4&Prime; _builder_version=\u00a0\u00bb4.24.2&Prime; _module_preset=\u00a0\u00bbdefault\u00a0\u00bb global_colors_info=\u00a0\u00bb{}\u00a0\u00bb][et_pb_text _builder_version=\u00a0\u00bb4.24.2&Prime; _module_preset=\u00a0\u00bbdefault\u00a0\u00bb custom_padding=\u00a0\u00bb2px|||||\u00a0\u00bb global_colors_info=\u00a0\u00bb{}\u00a0\u00bb]<\/p>\n<h1 style=\"font-weight: 400; text-align: center;\"><strong>SOMMAIRE<\/strong><\/h1>\n<h2><a href=\"applewebdata:\/\/887294CC-1B69-42B8-A0C5-F179FA22EC53#_Toc184587509\"><span>\u00c9DITORIAL<\/span><\/a><\/h2>\n<p><a href=\"applewebdata:\/\/887294CC-1B69-42B8-A0C5-F179FA22EC53#_Toc184587510\"><span>Prendre soin des \u00e9l\u00e8ves et des soignants\u00a0: Les (H) Oury (is)<\/span><\/a><\/p>\n<p><span><strong>Emmanuelle Granier<\/strong><\/span><\/p>\n<h2><a href=\"applewebdata:\/\/887294CC-1B69-42B8-A0C5-F179FA22EC53#_Toc184587511\"><span>INTRODUCTION<\/span><\/a><\/h2>\n<p><a href=\"applewebdata:\/\/887294CC-1B69-42B8-A0C5-F179FA22EC53#_Toc184587512\"><span>Association libre\u2009?<\/span><\/a><\/p>\n<p><span><strong>Gr\u00e9goire Latry<\/strong><\/span><\/p>\n<p><a href=\"applewebdata:\/\/887294CC-1B69-42B8-A0C5-F179FA22EC53#_Toc184587513\"><span>Gen\u00e8se d\u2019une co-op\u00e9ration\u00a0 \u00ab\u2009Chemin faisant\u2009\u00bb<\/span><\/a><\/p>\n<p><span><strong>Anne-Virginie Brotons<\/strong><\/span><\/p>\n<h2><a href=\"applewebdata:\/\/887294CC-1B69-42B8-A0C5-F179FA22EC53#_Toc184587514\"><span>1.<\/span><span>\u00a0\u00a0\u00a0 Clinique adolescente<\/span><\/a><\/h2>\n<p><span>\u00a0<\/span><a href=\"applewebdata:\/\/887294CC-1B69-42B8-A0C5-F179FA22EC53#_Toc184587515\"><span>Recevoir, s\u2019approprier, transmettre\u00a0<\/span><\/a><\/p>\n<p><span><strong>Fran\u00e7ois Marty<\/strong><\/span><\/p>\n<p><span><strong>\u00a0<\/strong><\/span><a href=\"applewebdata:\/\/887294CC-1B69-42B8-A0C5-F179FA22EC53#_Toc184587516\"><span>L\u2019adolescent ou l\u2019infantile en soi\u00a0: Pourquoi faut-il parler des b\u00e9b\u00e9s aux ados\u2009?<\/span><\/a><\/p>\n<p><span><strong>Bernard Golse<\/strong><\/span><\/p>\n<h2><a href=\"applewebdata:\/\/887294CC-1B69-42B8-A0C5-F179FA22EC53#_Toc184587517\"><span>2.<\/span><span>\u00a0\u00a0\u00a0 L\u2019esprit de la psychoth\u00e9rapie institutionnelle<\/span><\/a><\/h2>\n<p><a href=\"applewebdata:\/\/887294CC-1B69-42B8-A0C5-F179FA22EC53#_Toc184587518\"><span>Tenir bon sur l\u2019\u00e9thique\u00a0: soutenir l\u2019intenable, porter l\u2019indicible<\/span><\/a><\/p>\n<p><span><strong>Pierre Delion<\/strong><\/span><\/p>\n<p><a href=\"applewebdata:\/\/887294CC-1B69-42B8-A0C5-F179FA22EC53#_Toc184587519\"><span>Soigner, signer, inscrire<\/span><\/a><\/p>\n<p><span><strong>Antoine Fontaine &amp; Anne-Virginie Brotons<\/strong><\/span><\/p>\n<p><a href=\"applewebdata:\/\/887294CC-1B69-42B8-A0C5-F179FA22EC53#_Toc184587520\"><span>Greffer de l\u2019ouvert\u00a0: Fonction \u00e9thique de la logique du vague dans le champ de la clinique<\/span><\/a><\/p>\n<p><span><strong>Pierre Johan Laffitte<\/strong><\/span><\/p>\n<h2><a href=\"applewebdata:\/\/887294CC-1B69-42B8-A0C5-F179FA22EC53#_Toc184587521\"><span>3.<\/span><span>\u00a0\u00a0\u00a0 Exp\u00e9riences de p\u00e9dagogie institutionnelle<\/span><\/a><\/h2>\n<p><a href=\"applewebdata:\/\/887294CC-1B69-42B8-A0C5-F179FA22EC53#_Toc184587522\"><span>Des apports d\u2019un espace d\u2019\u00e9laboration psychique des pratiques pour des enseignants<\/span><\/a><\/p>\n<p><span><strong>Claudine Blanchard-Laville<\/strong><\/span><\/p>\n<p><a href=\"applewebdata:\/\/887294CC-1B69-42B8-A0C5-F179FA22EC53#_Toc184587523\"><span>Pour des dispositifs cliniques institutionnalis\u00e9s<\/span><\/a><\/p>\n<p><span><strong>Patrick Geffard<\/strong><\/span><\/p>\n<p><a href=\"applewebdata:\/\/887294CC-1B69-42B8-A0C5-F179FA22EC53#_Toc184587524\"><span>Un Plan de Travail en classe pr\u00e9paratoire aux grandes \u00e9coles<\/span><\/a><\/p>\n<p><span><strong>Romuald Esman<\/strong><\/span><\/p>\n<p><a href=\"applewebdata:\/\/887294CC-1B69-42B8-A0C5-F179FA22EC53#_Toc184587525\"><span>Un groupe d\u2019\u00e9criture monographique ,suivi de la monographie \u00ab\u2009Le Loup-Garou Blanc\u2009\u00bb<\/span><\/a><\/p>\n<p><span><strong>Patrick Geffard &amp; Laurent Coste<\/strong><\/span><\/p>\n<p><span><strong>\u00a0<\/strong><\/span><\/p>\n<h2><a href=\"applewebdata:\/\/887294CC-1B69-42B8-A0C5-F179FA22EC53#_Toc184587526\"><span>VARIA<\/span><\/a><\/h2>\n<p><a href=\"applewebdata:\/\/887294CC-1B69-42B8-A0C5-F179FA22EC53#_Toc184587527\"><span>L\u2019adolescence dans l\u2019\u0153uvre de S.\u00a0Freud\u00a0: les lettres \u00e0 W.\u00a0Fliess. <\/span><span>N\u00e9vroses de l\u2019adolescence et th\u00e9orie de l\u2019apr\u00e8s-coup (1893-1900)<\/span><\/a><\/p>\n<p><span><strong>Florian Houssier <\/strong><\/span><span><strong>&#8211; Haya Haidar &#8211; Anthony Brault &#8211; Delphine Bonnichon<\/strong><\/span><\/p>\n<p><a href=\"applewebdata:\/\/887294CC-1B69-42B8-A0C5-F179FA22EC53#_Toc184587528\"><span>\u00ab\u2009Le Faisceau des Vivants\u2009\u00bb, roman\u00a0: Dialogue avec l\u2019auteure, Catherine Zittoun.<\/span><\/a><\/p>\n<p><span><strong>Emmanuelle Granier &amp; Catherine Zittoun<\/strong><\/span><\/p>\n<p><a href=\"applewebdata:\/\/887294CC-1B69-42B8-A0C5-F179FA22EC53#_Toc184587529\"><span>Familles, je vous h-ai-s\u2009! Le complexe familial en sc\u00e8ne\u00a0:<\/span><\/a><\/p>\n<p><span><strong>Fr\u00e9d\u00e9rique Riedlin<\/strong><\/span><\/p>\n<p><span>\u00a0<\/span><\/p>\n<h3><a href=\"applewebdata:\/\/887294CC-1B69-42B8-A0C5-F179FA22EC53#_Toc184587530\"><span>R\u00c9SUM\u00c9S ET MOTS-CL\u00c9S<\/span><\/a><\/h3>\n<p>&nbsp;<\/p>\n<p>[\/et_pb_text][\/et_pb_column][\/et_pb_row][et_pb_row _builder_version=\u00a0\u00bb4.24.2&Prime; _module_preset=\u00a0\u00bbdefault\u00a0\u00bb custom_padding=\u00a0\u00bb|||6px|false|false\u00a0\u00bb hover_enabled=\u00a0\u00bb0&Prime; sticky_enabled=\u00a0\u00bb0&Prime;][et_pb_column _builder_version=\u00a0\u00bb4.24.2&Prime; _module_preset=\u00a0\u00bbdefault\u00a0\u00bb type=\u00a0\u00bb4_4&Prime;][et_pb_text _builder_version=\u00a0\u00bb4.24.2&Prime; _module_preset=\u00a0\u00bbdefault\u00a0\u00bb hover_enabled=\u00a0\u00bb0&Prime; sticky_enabled=\u00a0\u00bb0&Prime;]<\/p>\n<h1 style=\"text-align: center;\"><a name=\"_Toc184587530\"><\/a><strong>R\u00c9SUM\u00c9S ET MOTS CL\u00c9S<\/strong><\/h1>\n<p style=\"font-weight: 400;\"><strong>\u00a0<\/strong><\/p>\n<p style=\"font-weight: 400;\"><strong>Gen\u00e8se d\u2019une co-op\u00e9ration \u00ab\u2009chemin faisant\u2009\u00bb<\/strong><\/p>\n<p style=\"font-weight: 400;\"><strong>Anne-Virginie Brotons<\/strong><\/p>\n<p style=\"font-weight: 400;\"><strong>\u00a0<\/strong><\/p>\n<p style=\"font-weight: 400;\"><strong>R\u00e9sum\u00e9\u00a0: <\/strong>Ce r\u00e9cit chronologique t\u00e9moigne de la construction d\u2019un collectif de travail autour d\u2019un projet de cr\u00e9ation d\u2019un dispositif lyc\u00e9en et d\u2019un p\u00f4le ressource. Dot\u00e9e d\u2019une association pour soutenir ces activit\u00e9s, celle-ci se pense progressivement comme un espace tiers. \u00c0 l\u2019image de la fonction club propre aux pratiques institutionnelles, elle assure la circulation de la pens\u00e9e et de l\u2019\u00e9laboration des projets. Ces travaux s\u2019inscrivant dans le courant des pratiques institutionnelles, le collectif, fid\u00e8le aux pens\u00e9es de Jean Oury et Fernand Oury, met en \u0153uvre les pratiques institutionnelles et la p\u00e9dagogie institutionnelle \u00e0 tous les niveaux de son fonctionnement. Le r\u00e9cit de cette histoire s\u2019articule aux articles de ce num\u00e9ro sp\u00e9cial qui lui est d\u00e9di\u00e9.<\/p>\n<p style=\"font-weight: 400;\"><strong>Mots cl\u00e9s\u00a0: <\/strong>Historique &#8211; Conduite de projet &#8211; Pratiques institutionnelles \u2013 Collectif de travail \u2013 Lyc\u00e9e innovant \u2013 Espace tiers<\/p>\n<p style=\"font-weight: 400;\"><strong>Summary\u00a0: <\/strong>This chronological account documents the construction of a collective work group centred around the creation of a high school initiative and a resource centre. Supported by an association dedicated to these activities, it gradually develops as a third space. Similar to the \u2018club function\u2019 characteristic of institutional practices, it facilitates the circulation of ideas and the development of projects. Rooted in the tradition of institutional practices, the collective remains faithful to the ideas of Jean Oury and Fernand Oury, implementing institutional practices and pedagogy at all levels of its functioning. The narrative of this journey is interconnected with the articles in this special issue dedicated to it.<\/p>\n<p style=\"font-weight: 400;\"><strong>Key words:<\/strong> Historical Overview\u2009\u2013 Project Management\u2009\u2013 Institutional Practices\u2009\u2013 Work Collective\u2009\u2013 Innovative High School\u2009\u2013 Third Space<\/p>\n<p style=\"font-weight: 400;\"><strong>\u00a0<\/strong><\/p>\n<p style=\"font-weight: 400;\"><strong>\u00a0<\/strong><\/p>\n<p style=\"font-weight: 400;\"><strong>Recevoir, s\u2019approprier, transmettre<\/strong><\/p>\n<p style=\"font-weight: 400;\"><strong>Fran\u00e7ois Marty<\/strong><\/p>\n<p style=\"font-weight: 400;\"><strong>\u00a0<\/strong><\/p>\n<p style=\"font-weight: 400;\"><strong>\u00a0<\/strong><\/p>\n<p style=\"font-weight: 400;\"><strong>Mots cl\u00e9s\u00a0: <\/strong>Adolescence \u2013 M\u00e9tamorphose \u2013 Appropriation \u2013 Transmission<\/p>\n<p style=\"font-weight: 400;\"><strong>\u00a0<\/strong><\/p>\n<p style=\"font-weight: 400;\"><strong>Key words: <\/strong>Adolescence Metamorphosis Appropriation Transmission<\/p>\n<p style=\"font-weight: 400;\"><strong>L\u2019adolescent ou l\u2019infantile en soi\u00a0<\/strong>: <strong>Pourquoi faut-il parler des b\u00e9b\u00e9s aux ados\u2009? Une exp\u00e9rience in\u00e9dite<\/strong><\/p>\n<p style=\"font-weight: 400;\"><strong>Bernard Golse<\/strong><\/p>\n<p style=\"font-weight: 400;\"><strong>\u00a0<\/strong><\/p>\n<p style=\"font-weight: 400;\"><strong>R\u00e9sum\u00e9\u00a0: <\/strong>L\u2019auteur relate l\u2019exp\u00e9rience qu\u2019il m\u00e8ne dans un lyc\u00e9e et qui consiste \u00e0 aller parler des b\u00e9b\u00e9s aux adolescents (des b\u00e9b\u00e9s qu\u2019ils furent et des b\u00e9b\u00e9s qu\u2019ils auront peut-\u00eatre un jour) dans une vis\u00e9e d\u2019accompagnement vers la parentalit\u00e9 mais aussi de pr\u00e9vention de la violence. La grande sensibilit\u00e9 des adolescents \u00e0 l\u2019\u00e9gard des b\u00e9b\u00e9s est due \u00e0 diverses convergences de fonctionnement psychique \u00e9clair\u00e9es par la psychiatrie du b\u00e9b\u00e9. Ces r\u00e9flexions s\u2019inscrivent sur le fond de la dynamique de l\u2019apr\u00e8s-coup.<\/p>\n<p style=\"font-weight: 400;\"><strong>\u00a0<\/strong><\/p>\n<p style=\"font-weight: 400;\"><strong>Mots cl\u00e9s\u00a0: <\/strong>Adolescence\u00a0&#8211; Apr\u00e8s-coup\u00a0&#8211; B\u00e9b\u00e9\u00a0&#8211; Parentalit\u00e9\u00a0&#8211; Pr\u00e9vention\u00a0&#8211; Violence<\/p>\n<p style=\"font-weight: 400;\"><strong>Summary: <\/strong>which consists of talking to teenagers about babies (the babies they were and the babies they may have one day) with the aim of supporting them in their parenthood and also preventing violence. The great sensitivity of adolescents toward babies is due to various convergences of psychic functioning enlightened by baby psychiatry. These reflections are based on the dynamics of the deferred action.<\/p>\n<p style=\"font-weight: 400;\"><strong>\u00a0<\/strong><\/p>\n<p style=\"font-weight: 400;\"><strong>Key words: <\/strong>Adolescence \u2013 Baby\u2009\u2013\u2009Deferred action \u2013 Parenthood \u2013 Prevention \u2013 Violence<\/p>\n<p style=\"font-weight: 400;\"><strong>Tenir bon sur l\u2019\u00e9thique\u00a0: accueillir l\u2019impossible, soutenir l\u2019intenable, porter l\u2019indicible.<\/strong><\/p>\n<p style=\"font-weight: 400;\"><strong>Pierre Delion<\/strong><\/p>\n<p style=\"font-weight: 400;\">\n<p style=\"font-weight: 400;\"><strong>R\u00e9sum\u00e9\u00a0: <\/strong>\u00c0 la logique manag\u00e9riale actuelle appliqu\u00e9e dans les h\u00f4pitaux psychiatriques, et \u00e0 un syst\u00e8me de soin toujours plus protocolaire, l\u2019auteur oppose la n\u00e9cessit\u00e9 de mettre en place un accueil personnalis\u00e9 pour les personnes en souffrance \u2014 notamment dans le cas de pathologies particuli\u00e8res. Il montre comment la psychiatrie institutionnelle replace l\u2019humain au c\u0153ur des relations patients-soignants, en tenant compte de la singularit\u00e9 de chacun des patients, ainsi que de leur mani\u00e8re individuelle d\u2019interagir et d\u2019\u00eatre au monde. En s\u2019appuyant sur des t\u00e9moignages et r\u00e9cits d\u2019exp\u00e9rience de grands noms de la psychoth\u00e9rapie institutionnelle, l\u2019auteur rappelle toute l\u2019importance du collectif afin d\u2019instituer un accueil personnalis\u00e9, et un dispositif adapt\u00e9 \u00e0 chaque patient.<span>\u00a0 <\/span><\/p>\n<p style=\"font-weight: 400;\"><strong>\u00a0<\/strong><\/p>\n<p style=\"font-weight: 400;\"><strong>Mots cl\u00e9s\u00a0: <\/strong>psychoth\u00e9rapie institutionnelle &#8211; \u00e9thique et psychiatrie &#8211; constellation transf\u00e9rentielle \u2014 pathologies archa\u00efques<\/p>\n<p style=\"font-weight: 400;\"><strong>Summary\u00a0:<\/strong> Facing the managerial logic currently in place in French psychiatric hospitals, as well as an increasingly standardised health-care system, the author argues for the need to implement personalised admissions for people in suffering, especially those affected by specific pathologies. He shows how institutional psychiatry puts the human dimension back at the core of the patient-caregiver relation, taking into consideration each patient\u2019s distinctiveness along with their way of interacting and being in the world. Relying on accounts and testimonies from important figures of institutional psychotherapy, the author emphasises the importance of collective work so that personalised admissions and measures suited to each patient can be put into practice.<span>\u00a0 <\/span><\/p>\n<p style=\"font-weight: 400;\"><strong>\u00a0<\/strong><\/p>\n<p style=\"font-weight: 400;\"><strong>Key words: <\/strong>Institutional psychotherapy\u2009\u2013\u2009Ethics and psychiatry\u2009\u2013\u2009Transferential constellation\u2013 Archaic pathologies<\/p>\n<p style=\"font-weight: 400;\"><strong>\u00a0<\/strong><\/p>\n<p style=\"font-weight: 400;\"><strong>Greffer de l\u2019ouvert\u00a0: fonction \u00e9thique de la logique du vague dans le champ de la clinique.<\/strong><\/p>\n<p style=\"font-weight: 400;\"><strong>Pierre Johan Laffitte<\/strong><\/p>\n<p style=\"font-weight: 400;\"><strong>\u00a0<\/strong><\/p>\n<p style=\"font-weight: 400;\"><strong>R\u00e9sum\u00e9\u00a0<\/strong>: Cette contribution interroge l\u2019obsession contemporaine pour l\u2019innovation en \u00e9ducation et en psychoth\u00e9rapie. L\u2019auteur met en avant l\u2019int\u00e9r\u00eat des pratiques institutionnelles, inspir\u00e9es par la p\u00e9dagogie et la psychoth\u00e9rapie institutionnelles, qui valorisent la singularit\u00e9 et le transfert. Ancr\u00e9e dans la s\u00e9miotique de Peirce, l\u2019approche privil\u00e9gie une logique abductive et vague, accueillant l\u2019impr\u00e9visible et la subjectivit\u00e9 face \u00e0 la technicisation et la protocolarisation des pratiques humaines.<\/p>\n<p style=\"font-weight: 400;\"><strong>Mots cl\u00e9s\u00a0: <\/strong>Pratiques institutionnelles &#8211; Logique abductive\u00a0&#8211; S\u00e9miotique peircienne\u00a0&#8211; Subjectivit\u00e9<\/p>\n<p style=\"font-weight: 400;\"><strong>\u00a0<\/strong><\/p>\n<p style=\"font-weight: 400;\"><strong>Summary<\/strong>: This contribution questions the contemporary obsession with innovation in education and psychotherapy. The author highlights the value of institutional practices, inspired by institutional pedagogy and psychotherapy, which emphasise individuality and transference. Anchored in Peirce\u2019s semiotics, the approach favours abductive and vague logic, welcoming unpredictability and subjectivity, in contrast to the technicization and procedural standardisation of human practices.<\/p>\n<p style=\"font-weight: 400;\"><strong>\u00a0<\/strong><\/p>\n<p style=\"font-weight: 400;\"><strong>Key words: <\/strong>Institutional practices\u2009\u2013\u00a0 Abductive logic\u2009\u2013 Peirce\u2019s semiotics\u2009\u2013 Subjectivity<\/p>\n<p style=\"font-weight: 400;\"><strong>\u00a0<\/strong><\/p>\n<p style=\"font-weight: 400;\"><strong>Soigner, signer, inscrire<\/strong><\/p>\n<p style=\"font-weight: 400;\"><strong>Antoine Fontaine &amp; Anne-Virginie Brotons<\/strong><\/p>\n<p style=\"font-weight: 400;\">\n<p style=\"font-weight: 400;\"><strong>\u00a0<\/strong><\/p>\n<p style=\"font-weight: 400;\"><strong>Mots cl\u00e9s\u00a0: <\/strong>P\u00e9dagogie institutionnelle \u2014 psychoth\u00e9rapie institutionnelle \u2014 Adolescence \u2014 Apprentissage &#8211; Soin<\/p>\n<p style=\"font-weight: 400;\"><strong>\u00a0<\/strong><\/p>\n<p style=\"font-weight: 400;\"><strong>Key words: <\/strong>Institutional pedagogy\u2009\u2013\u2009Institutional psychotherapy\u2009\u2013\u2009Adolescence\u2009\u2013\u2009Learning\u2009\u2013\u2009Care<\/p>\n<p style=\"font-weight: 400;\"><strong>\u00a0<\/strong><\/p>\n<p style=\"font-weight: 400;\"><strong>Des apports d\u2019un espace d\u2019\u00e9laboration psychique des pratiques pour des enseignants<\/strong><\/p>\n<p style=\"font-weight: 400;\"><strong>Claudine Blanchard-Laville<\/strong><\/p>\n<p style=\"font-weight: 400;\"><strong>R\u00e9sum\u00e9\u00a0<\/strong>: Lorsqu\u2019une offre de groupe d\u2019analyse clinique des pratiques est faite \u00e0 des enseignants, que peuvent-ils en esp\u00e9rer\u2009? Dans cet article, sera d\u00e9crit le d\u00e9roulement concret des s\u00e9ances d\u2019\u00e9laboration psychique pour des enseignants dans l\u2019apr\u00e8s-coup de leur exercice professionnel. Puis seront d\u00e9clin\u00e9s les pr\u00e9suppos\u00e9s th\u00e9oriques auxquels se r\u00e9f\u00e8rent les animateurs d\u2019un dispositif d\u2019analyse des pratiques enseignantes lorsqu\u2019il est con\u00e7u selon une d\u00e9marche clinique d\u2019orientation psychanalytique. Et, en dernier lieu, seront \u00e9voqu\u00e9s les processus de transmission qui sont \u00e0 l\u2019\u0153uvre au sein de ce dispositif.\u00a0<\/p>\n<p style=\"font-weight: 400;\"><strong>\u00a0<\/strong><\/p>\n<p style=\"font-weight: 400;\"><strong>Mots cl\u00e9s\u00a0<\/strong>: \u00c9laboration psychique, psychanalyse, subjectivit\u00e9 professionnelle, apr\u00e8s-coup, transmission<\/p>\n<p style=\"font-weight: 400;\"><strong>\u00a0<\/strong><\/p>\n<p style=\"font-weight: 400;\"><strong>Summary<\/strong>: When a clinical practice analysis group is offered to teachers, what can they expect from it? This article describes the concrete course of psychic elaboration sessions for teachers reflecting on their professional practice in retrospect. It will then outline the theoretical assumptions that facilitators of a practice analysis framework refer to when it is designed with a psychoanalytical clinical approach. Lastly, the transmission processes at work within this framework will be discussed.<\/p>\n<p style=\"font-weight: 400;\"><strong>\u00a0<\/strong><\/p>\n<p style=\"font-weight: 400;\"><strong>Keywords<\/strong>: Psychic elaboration, psychoanalysis, professional subjectivity, retroaction, transmission<\/p>\n<p style=\"font-weight: 400;\"><strong>\u00a0<\/strong><\/p>\n<p style=\"font-weight: 400;\"><strong>Pour des dispositifs cliniques institutionnalis\u00e9s<\/strong><\/p>\n<p style=\"font-weight: 400;\"><strong>Patrick Geffard<\/strong><\/p>\n<p style=\"font-weight: 400;\">\n<p style=\"font-weight: 400;\"><strong>R\u00e9sum\u00e9\u00a0: <\/strong>Comment articuler la mise en \u0153uvre de collectifs de travail avec la volont\u00e9 de favoriser l\u2019\u00e9mergence des singularit\u00e9s\u2009? Comment organiser l\u2019institution de pratiques coop\u00e9ratives tout en laissant toute leur place aux sujets\u2009? Cet article se centre sur les notions d\u2019<em>institution<\/em>, de <em>clinique<\/em> et de <em>dispositif <\/em>pour essayer de montrer en quoi les apports de la p\u00e9dagogie institutionnelle et la prise en compte des processus psychiques inconscients dans le champ de l\u2019\u00e9ducation et de la formation peuvent fournir quelques \u00e9l\u00e9ments de r\u00e9ponse. Dans la derni\u00e8re partie, une monographie vient rendre compte d\u2019une exp\u00e9rience r\u00e9alis\u00e9e en formation universitaire.<\/p>\n<p style=\"font-weight: 400;\"><strong>\u00a0<\/strong><\/p>\n<p style=\"font-weight: 400;\"><strong>Mots cl\u00e9s\u00a0: <\/strong>P\u00e9dagogie institutionnelle, \u00e9criture monographique, institutions, \u00e9laboration psychique, remaniements subjectifs en situation professionnelle<\/p>\n<p style=\"font-weight: 400;\"><strong>\u00a0<\/strong><\/p>\n<p style=\"font-weight: 400;\"><strong>Summary: <\/strong>How can we combine the creation of work collectives with the desire to encourage the emergence of singularities? How can we organise the institution of cooperative practices while allowing subjects to play their full part? This paper focuses on the notions of <em>institution<\/em>, <em>clinic<\/em> and <em>apparatus<\/em> (\u2018<em>dispositif<\/em>\u2019) in an attempt to show how the contributions of institutional pedagogy and the taking into account of unconscious psychical processes in the field of education and training can contribute to provide some answers. In the final section, a monograph reports on an experiment carried out in university training.<\/p>\n<p style=\"font-weight: 400;\"><strong>\u00a0<\/strong><\/p>\n<p style=\"font-weight: 400;\"><strong>Key words: <\/strong>Institutional pedagogy\u2009\u2013\u2009monographic writing\u2009\u2013\u2009institutions\u2009\u2013\u2009psychical elaboration\u2009\u2013\u2009subjective rearrangements in professional situations<\/p>\n<p style=\"font-weight: 400;\"><strong>\u00a0<\/strong><\/p>\n<p style=\"font-weight: 400;\"><strong>Un<\/strong> <strong>Plan de Travail en classe pr\u00e9paratoire aux grandes \u00e9coles<span>.<\/span><\/strong><\/p>\n<p style=\"font-weight: 400;\"><strong>Romuald Esman<\/strong><\/p>\n<p style=\"font-weight: 400;\"><strong>\u00a0<\/strong><\/p>\n<p style=\"font-weight: 400;\"><strong>R\u00e9sum\u00e9\u00a0: <\/strong>En Classe Pr\u00e9paratoire aux Grandes \u00c9coles, face \u00e0 des \u00e9tudiants souvent d\u00e9sorganis\u00e9s ou d\u00e9motiv\u00e9s par des programmes exigeants, l\u2019auteur a introduit le Plan-Journal des Efforts et du Progr\u00e8s, un dispositif inspir\u00e9 de la p\u00e9dagogie institutionnelle. Cet outil vise \u00e0 responsabiliser les apprenants dans leur parcours. Malgr\u00e9 des r\u00e9sistances initiales, les r\u00e9sultats indiquent une am\u00e9lioration de l\u2019organisation, de la maturit\u00e9 face au travail et une dynamique r\u00e9flexive individuelle et collective.<\/p>\n<p style=\"font-weight: 400;\"><strong>\u00a0<\/strong><\/p>\n<p style=\"font-weight: 400;\"><strong>Mots cl\u00e9s\u00a0: <\/strong>P\u00e9dagogie institutionnelle &#8211; Classe Pr\u00e9paratoire aux Grandes \u00c9coles<\/p>\n<p style=\"font-weight: 400;\"><strong>\u00a0<\/strong><\/p>\n<p style=\"font-weight: 400;\"><strong>Summary: <\/strong>In Preparatory Classes for Grandes \u00c9coles, faced with students often disorganised or unmotivated by demanding programs, the author introduced the Effort and Progress Logbook, a tool inspired by institutional pedagogy. This device aims to foster learner accountability in their educational journey. Despite initial resistance, the results indicate improvements in organisation, maturity toward work, and the development of both individual and collective reflective dynamics.<\/p>\n<p style=\"font-weight: 400;\"><strong>\u00a0<\/strong><\/p>\n<p style=\"font-weight: 400;\"><strong>Key words: <\/strong>institutional pedagogy, Preparatory Classes for Grandes \u00c9coles<\/p>\n<p style=\"font-weight: 400;\"><strong>\u00a0<\/strong><\/p>\n<p style=\"font-weight: 400;\"><strong>Un groupe d\u2019\u00e9criture monographique, suivi de la monographie \u00ab\u2009Le loup-garou blanc\u2009\u00bb<\/strong><\/p>\n<p style=\"font-weight: 400;\"><strong>Patrick Geffard &amp; Laurent Coste<\/strong><\/p>\n<p style=\"font-weight: 400;\">\n<p style=\"font-weight: 400;\"><strong>R\u00e9sum\u00e9\u00a0: <\/strong>Accompagn\u00e9 par un chercheur, un groupe de membres de l\u2019association Coop\u00e9rer pour l\u2019Autre. Lyc\u00e9e a souhait\u00e9 exp\u00e9rimenter le travail d\u2019\u00e9criture monographique. Pendant plus d\u2019un an, le groupe s\u2019est r\u00e9uni en pr\u00e9sentiel et en distanciel du fait du confinement et a travaill\u00e9 de fa\u00e7on institutionnalis\u00e9e pour aboutir \u00e0 la production d\u2019une monographie. Celle-ci t\u00e9moigne d\u2019une pratique de p\u00e9dagogie institutionnelle en fran\u00e7ais dans une classe de premi\u00e8re. Elle rend compte de l\u2019effet de surprise et d\u2019inconscient qui ne manque de surgir lorsque l\u2019enseignant, soutenu par le groupe de travail, est attentif aux effets d\u2019une classe institutionnalis\u00e9e.<\/p>\n<p style=\"font-weight: 400;\"><strong>\u00a0<\/strong><\/p>\n<p style=\"font-weight: 400;\"><strong>Mots cl\u00e9s\u00a0:\u00a0: <\/strong>Groupe d\u2019\u00e9criture \u2013 Monographie \u2013 P\u00e9dagogie institutionnelle \u2013 Lyc\u00e9e<\/p>\n<p style=\"font-weight: 400;\"><strong>\u00a0<\/strong><\/p>\n<p style=\"font-weight: 400;\"><strong>Summary: <\/strong>Accompanied by a researcher, a group of members of the association <em>Coop\u00e9rer pour l\u2019Autre. Lyc\u00e9e<\/em> decided to experiment with the practice of monographic writing. For over a year, the group met both in-person and remotely due to the lockdown, working in an institutionalised manner to produce a monograph. This monograph reflects a practice of institutional pedagogy in French within an 11th-grade class. It highlights the element of surprise and the unconscious that inevitably emerge when the teacher, supported by the working group, pays attention to the effects of an institutionalised classroom setting.<\/p>\n<p style=\"font-weight: 400;\"><strong>\u00a0<\/strong><\/p>\n<p style=\"font-weight: 400;\"><strong>Key words: <\/strong>Writing Group \u2013 Monograph \u2013 Institutional Pedagogy \u2013 High School<\/p>\n<p style=\"font-weight: 400;\"><strong>\u00a0<\/strong><\/p>\n<p style=\"font-weight: 400;\"><strong>L\u2019adolescence dans l\u2019\u0153uvre de S.\u00a0Freud\u00a0: les lettres \u00e0 W.\u00a0Fliess. N\u00e9vroses de l\u2019adolescence et th\u00e9orie de l\u2019apr\u00e8s-coup (1893-1900)<\/strong><\/p>\n<p style=\"font-weight: 400;\"><strong>Florian Houssier <\/strong><strong>&#8211; Haya Haidar\u2009\u2013\u2009Anthony Brault -Delphine Bonnichon<\/strong><\/p>\n<p style=\"font-weight: 400;\">\n<p style=\"font-weight: 400;\"><strong>R\u00e9sum\u00e9\u00a0:<\/strong> Cet article explore la correspondance entre S.\u00a0Freud et W.\u00a0Fliess, consid\u00e9r\u00e9e comme un \u00e9l\u00e9ment d\u00e9terminant de la cr\u00e9ation de la psychanalyse. Dans ces lettres de Freud, incluant le cas d\u2019Emma Eckstein, nous avons relev\u00e9 nombre d\u2019\u00e9l\u00e9ments th\u00e9orico-cliniques concernant l\u2019adolescence\u00a0: cette intrication entre ces lettres priv\u00e9es et le travail d\u2019\u00e9laboration progressive de la psychanalyse ouvre sur une v\u00e9ritable th\u00e9orie de la n\u00e9vrose sous les formes cliniques de la neurasth\u00e9nie et de la n\u00e9vrose d\u2019angoisse, quand bien m\u00eame l\u2019aiguillon central de la pens\u00e9e de Freud reste la causalit\u00e9 de l\u2019hyst\u00e9rie.<\/p>\n<p style=\"font-weight: 400;\"><strong>\u00a0<\/strong><\/p>\n<p style=\"font-weight: 400;\"><strong>Mots cl\u00e9s\u00a0:<\/strong> S.\u00a0Freud \u2013 W. Fliess \u2013 Adolescence \u2013 N\u00e9vrose \u2013 Masturbation \u2014 Angoisse<\/p>\n<p style=\"font-weight: 400;\"><strong>\u00a0<\/strong><\/p>\n<p style=\"font-weight: 400;\"><strong>Summary:<\/strong> This article explores the correspondence between S.\u00a0Freud and W. Fliess, considered to be a key element in the creation of psychoanalysis. In Freud\u2019s letters, including the case of Emma Eckstein, we have identified a number of theoretical and clinical elements relating to adolescence. The interplay between these private letters and the gradual development of psychoanalysis opens the way to a genuine theory of neurosis in the clinical forms of neurasthenia and anxiety neurosis, even though the central sting of Freud\u2019s thinking remains the causality of hysteria.<\/p>\n<p style=\"font-weight: 400;\"><strong>\u00a0<\/strong><\/p>\n<p style=\"font-weight: 400; text-align: center;\"><strong>Key words:<\/strong> S.\u00a0Freud \u2013 W. Fliess \u2013 Adolescence \u2013 N\u00e9vrose \u2013 Masturbation\u2009\u2013\u2009Angoisse<\/p>\n<p>[\/et_pb_text][\/et_pb_column][\/et_pb_row][\/et_pb_section]<\/p>\n","protected":false},"excerpt":{"rendered":"<p>SOMMAIRE \u00c9DITORIAL Prendre soin des \u00e9l\u00e8ves et des soignants\u00a0: Les (H) Oury (is) Emmanuelle Granier INTRODUCTION Association libre\u2009? Gr\u00e9goire Latry Gen\u00e8se d\u2019une co-op\u00e9ration\u00a0 \u00ab\u2009Chemin faisant\u2009\u00bb Anne-Virginie Brotons 1.\u00a0\u00a0\u00a0 Clinique adolescente \u00a0Recevoir, s\u2019approprier, transmettre\u00a0 Fran\u00e7ois Marty \u00a0L\u2019adolescent ou l\u2019infantile en soi\u00a0: Pourquoi faut-il parler des b\u00e9b\u00e9s aux ados\u2009? Bernard Golse 2.\u00a0\u00a0\u00a0 L\u2019esprit de la psychoth\u00e9rapie institutionnelle [&hellip;]<\/p>\n","protected":false},"author":1,"featured_media":0,"comment_status":"closed","ping_status":"closed","sticky":false,"template":"","format":"standard","meta":{"_et_pb_use_builder":"on","_et_pb_old_content":"","_et_gb_content_width":"","footnotes":""},"categories":[1],"tags":[],"class_list":["post-1222","post","type-post","status-publish","format-standard","hentry","category-non-classe"],"yoast_head":"<!-- This site is optimized with the Yoast SEO plugin v18.2 - https:\/\/yoast.com\/wordpress\/plugins\/seo\/ -->\n<title>n\u00b011 L&#039;autre lyc\u00e9e : le Paris des pratiques institutionnelles - AREA<\/title>\n<meta name=\"robots\" content=\"index, follow, max-snippet:-1, max-image-preview:large, max-video-preview:-1\" \/>\n<link rel=\"canonical\" href=\"https:\/\/association-recherche-enfance-adolescence.org\/index.php\/2025\/03\/12\/1222\/\" \/>\n<meta property=\"og:locale\" content=\"fr_FR\" \/>\n<meta property=\"og:type\" content=\"article\" \/>\n<meta property=\"og:title\" content=\"n\u00b011 L&#039;autre lyc\u00e9e : le Paris des pratiques institutionnelles - AREA\" \/>\n<meta property=\"og:description\" content=\"SOMMAIRE \u00c9DITORIAL Prendre soin des \u00e9l\u00e8ves et des soignants\u00a0: Les (H) Oury (is) Emmanuelle Granier INTRODUCTION Association libre\u2009? Gr\u00e9goire Latry Gen\u00e8se d\u2019une co-op\u00e9ration\u00a0 \u00ab\u2009Chemin faisant\u2009\u00bb Anne-Virginie Brotons 1.\u00a0\u00a0\u00a0 Clinique adolescente \u00a0Recevoir, s\u2019approprier, transmettre\u00a0 Fran\u00e7ois Marty \u00a0L\u2019adolescent ou l\u2019infantile en soi\u00a0: Pourquoi faut-il parler des b\u00e9b\u00e9s aux ados\u2009? Bernard Golse 2.\u00a0\u00a0\u00a0 L\u2019esprit de la psychoth\u00e9rapie institutionnelle [&hellip;]\" \/>\n<meta property=\"og:url\" content=\"https:\/\/association-recherche-enfance-adolescence.org\/index.php\/2025\/03\/12\/1222\/\" \/>\n<meta property=\"og:site_name\" content=\"AREA\" \/>\n<meta property=\"article:published_time\" content=\"2025-03-12T13:29:47+00:00\" \/>\n<meta property=\"article:modified_time\" content=\"2025-03-12T13:37:41+00:00\" \/>\n<meta name=\"twitter:card\" content=\"summary_large_image\" \/>\n<meta name=\"twitter:label1\" content=\"\u00c9crit par\" \/>\n\t<meta name=\"twitter:data1\" content=\"vinz\" \/>\n\t<meta name=\"twitter:label2\" content=\"Dur\u00e9e de lecture estim\u00e9e\" \/>\n\t<meta name=\"twitter:data2\" content=\"13 minutes\" \/>\n<script type=\"application\/ld+json\" class=\"yoast-schema-graph\">{\"@context\":\"https:\/\/schema.org\",\"@graph\":[{\"@type\":\"Organization\",\"@id\":\"https:\/\/association-recherche-enfance-adolescence.org\/#organization\",\"name\":\"Association pour la Recherche sur l\u2019Enfance et l\u2019Adolescence\",\"url\":\"https:\/\/association-recherche-enfance-adolescence.org\/\",\"sameAs\":[],\"logo\":{\"@type\":\"ImageObject\",\"@id\":\"https:\/\/association-recherche-enfance-adolescence.org\/#logo\",\"inLanguage\":\"fr-FR\",\"url\":\"https:\/\/association-recherche-enfance-adolescence.org\/wp-content\/uploads\/2022\/03\/logo-area-.png\",\"contentUrl\":\"https:\/\/association-recherche-enfance-adolescence.org\/wp-content\/uploads\/2022\/03\/logo-area-.png\",\"width\":400,\"height\":447,\"caption\":\"Association pour la Recherche sur l\u2019Enfance et l\u2019Adolescence\"},\"image\":{\"@id\":\"https:\/\/association-recherche-enfance-adolescence.org\/#logo\"}},{\"@type\":\"WebSite\",\"@id\":\"https:\/\/association-recherche-enfance-adolescence.org\/#website\",\"url\":\"https:\/\/association-recherche-enfance-adolescence.org\/\",\"name\":\"AREA\",\"description\":\"Association de Recherche sur l&#039;Enfance et l&#039;Adolescence\",\"publisher\":{\"@id\":\"https:\/\/association-recherche-enfance-adolescence.org\/#organization\"},\"potentialAction\":[{\"@type\":\"SearchAction\",\"target\":{\"@type\":\"EntryPoint\",\"urlTemplate\":\"https:\/\/association-recherche-enfance-adolescence.org\/?s={search_term_string}\"},\"query-input\":\"required name=search_term_string\"}],\"inLanguage\":\"fr-FR\"},{\"@type\":\"WebPage\",\"@id\":\"https:\/\/association-recherche-enfance-adolescence.org\/index.php\/2025\/03\/12\/1222\/#webpage\",\"url\":\"https:\/\/association-recherche-enfance-adolescence.org\/index.php\/2025\/03\/12\/1222\/\",\"name\":\"n\u00b011 L'autre lyc\u00e9e : le Paris des pratiques institutionnelles - AREA\",\"isPartOf\":{\"@id\":\"https:\/\/association-recherche-enfance-adolescence.org\/#website\"},\"datePublished\":\"2025-03-12T13:29:47+00:00\",\"dateModified\":\"2025-03-12T13:37:41+00:00\",\"breadcrumb\":{\"@id\":\"https:\/\/association-recherche-enfance-adolescence.org\/index.php\/2025\/03\/12\/1222\/#breadcrumb\"},\"inLanguage\":\"fr-FR\",\"potentialAction\":[{\"@type\":\"ReadAction\",\"target\":[\"https:\/\/association-recherche-enfance-adolescence.org\/index.php\/2025\/03\/12\/1222\/\"]}]},{\"@type\":\"BreadcrumbList\",\"@id\":\"https:\/\/association-recherche-enfance-adolescence.org\/index.php\/2025\/03\/12\/1222\/#breadcrumb\",\"itemListElement\":[{\"@type\":\"ListItem\",\"position\":1,\"name\":\"Accueil\",\"item\":\"https:\/\/association-recherche-enfance-adolescence.org\/\"},{\"@type\":\"ListItem\",\"position\":2,\"name\":\"n\u00b011 L&rsquo;autre lyc\u00e9e : le Paris des pratiques institutionnelles\"}]},{\"@type\":\"Article\",\"@id\":\"https:\/\/association-recherche-enfance-adolescence.org\/index.php\/2025\/03\/12\/1222\/#article\",\"isPartOf\":{\"@id\":\"https:\/\/association-recherche-enfance-adolescence.org\/index.php\/2025\/03\/12\/1222\/#webpage\"},\"author\":{\"@id\":\"https:\/\/association-recherche-enfance-adolescence.org\/#\/schema\/person\/fbd4fdbaa46fda5229375ce86e3e0009\"},\"headline\":\"n\u00b011 L&rsquo;autre lyc\u00e9e : le Paris des pratiques institutionnelles\",\"datePublished\":\"2025-03-12T13:29:47+00:00\",\"dateModified\":\"2025-03-12T13:37:41+00:00\",\"mainEntityOfPage\":{\"@id\":\"https:\/\/association-recherche-enfance-adolescence.org\/index.php\/2025\/03\/12\/1222\/#webpage\"},\"wordCount\":2605,\"publisher\":{\"@id\":\"https:\/\/association-recherche-enfance-adolescence.org\/#organization\"},\"inLanguage\":\"fr-FR\"},{\"@type\":\"Person\",\"@id\":\"https:\/\/association-recherche-enfance-adolescence.org\/#\/schema\/person\/fbd4fdbaa46fda5229375ce86e3e0009\",\"name\":\"vinz\",\"url\":\"https:\/\/association-recherche-enfance-adolescence.org\/index.php\/author\/vinz\/\"}]}<\/script>\n<!-- \/ Yoast SEO plugin. -->","yoast_head_json":{"title":"n\u00b011 L'autre lyc\u00e9e : le Paris des pratiques institutionnelles - AREA","robots":{"index":"index","follow":"follow","max-snippet":"max-snippet:-1","max-image-preview":"max-image-preview:large","max-video-preview":"max-video-preview:-1"},"canonical":"https:\/\/association-recherche-enfance-adolescence.org\/index.php\/2025\/03\/12\/1222\/","og_locale":"fr_FR","og_type":"article","og_title":"n\u00b011 L'autre lyc\u00e9e : le Paris des pratiques institutionnelles - AREA","og_description":"SOMMAIRE \u00c9DITORIAL Prendre soin des \u00e9l\u00e8ves et des soignants\u00a0: Les (H) Oury (is) Emmanuelle Granier INTRODUCTION Association libre\u2009? Gr\u00e9goire Latry Gen\u00e8se d\u2019une co-op\u00e9ration\u00a0 \u00ab\u2009Chemin faisant\u2009\u00bb Anne-Virginie Brotons 1.\u00a0\u00a0\u00a0 Clinique adolescente \u00a0Recevoir, s\u2019approprier, transmettre\u00a0 Fran\u00e7ois Marty \u00a0L\u2019adolescent ou l\u2019infantile en soi\u00a0: Pourquoi faut-il parler des b\u00e9b\u00e9s aux ados\u2009? Bernard Golse 2.\u00a0\u00a0\u00a0 L\u2019esprit de la psychoth\u00e9rapie institutionnelle [&hellip;]","og_url":"https:\/\/association-recherche-enfance-adolescence.org\/index.php\/2025\/03\/12\/1222\/","og_site_name":"AREA","article_published_time":"2025-03-12T13:29:47+00:00","article_modified_time":"2025-03-12T13:37:41+00:00","twitter_card":"summary_large_image","twitter_misc":{"\u00c9crit par":"vinz","Dur\u00e9e de lecture estim\u00e9e":"13 minutes"},"schema":{"@context":"https:\/\/schema.org","@graph":[{"@type":"Organization","@id":"https:\/\/association-recherche-enfance-adolescence.org\/#organization","name":"Association pour la Recherche sur l\u2019Enfance et l\u2019Adolescence","url":"https:\/\/association-recherche-enfance-adolescence.org\/","sameAs":[],"logo":{"@type":"ImageObject","@id":"https:\/\/association-recherche-enfance-adolescence.org\/#logo","inLanguage":"fr-FR","url":"https:\/\/association-recherche-enfance-adolescence.org\/wp-content\/uploads\/2022\/03\/logo-area-.png","contentUrl":"https:\/\/association-recherche-enfance-adolescence.org\/wp-content\/uploads\/2022\/03\/logo-area-.png","width":400,"height":447,"caption":"Association pour la Recherche sur l\u2019Enfance et l\u2019Adolescence"},"image":{"@id":"https:\/\/association-recherche-enfance-adolescence.org\/#logo"}},{"@type":"WebSite","@id":"https:\/\/association-recherche-enfance-adolescence.org\/#website","url":"https:\/\/association-recherche-enfance-adolescence.org\/","name":"AREA","description":"Association de Recherche sur l&#039;Enfance et l&#039;Adolescence","publisher":{"@id":"https:\/\/association-recherche-enfance-adolescence.org\/#organization"},"potentialAction":[{"@type":"SearchAction","target":{"@type":"EntryPoint","urlTemplate":"https:\/\/association-recherche-enfance-adolescence.org\/?s={search_term_string}"},"query-input":"required name=search_term_string"}],"inLanguage":"fr-FR"},{"@type":"WebPage","@id":"https:\/\/association-recherche-enfance-adolescence.org\/index.php\/2025\/03\/12\/1222\/#webpage","url":"https:\/\/association-recherche-enfance-adolescence.org\/index.php\/2025\/03\/12\/1222\/","name":"n\u00b011 L'autre lyc\u00e9e : le Paris des pratiques institutionnelles - AREA","isPartOf":{"@id":"https:\/\/association-recherche-enfance-adolescence.org\/#website"},"datePublished":"2025-03-12T13:29:47+00:00","dateModified":"2025-03-12T13:37:41+00:00","breadcrumb":{"@id":"https:\/\/association-recherche-enfance-adolescence.org\/index.php\/2025\/03\/12\/1222\/#breadcrumb"},"inLanguage":"fr-FR","potentialAction":[{"@type":"ReadAction","target":["https:\/\/association-recherche-enfance-adolescence.org\/index.php\/2025\/03\/12\/1222\/"]}]},{"@type":"BreadcrumbList","@id":"https:\/\/association-recherche-enfance-adolescence.org\/index.php\/2025\/03\/12\/1222\/#breadcrumb","itemListElement":[{"@type":"ListItem","position":1,"name":"Accueil","item":"https:\/\/association-recherche-enfance-adolescence.org\/"},{"@type":"ListItem","position":2,"name":"n\u00b011 L&rsquo;autre lyc\u00e9e : le Paris des pratiques institutionnelles"}]},{"@type":"Article","@id":"https:\/\/association-recherche-enfance-adolescence.org\/index.php\/2025\/03\/12\/1222\/#article","isPartOf":{"@id":"https:\/\/association-recherche-enfance-adolescence.org\/index.php\/2025\/03\/12\/1222\/#webpage"},"author":{"@id":"https:\/\/association-recherche-enfance-adolescence.org\/#\/schema\/person\/fbd4fdbaa46fda5229375ce86e3e0009"},"headline":"n\u00b011 L&rsquo;autre lyc\u00e9e : le Paris des pratiques institutionnelles","datePublished":"2025-03-12T13:29:47+00:00","dateModified":"2025-03-12T13:37:41+00:00","mainEntityOfPage":{"@id":"https:\/\/association-recherche-enfance-adolescence.org\/index.php\/2025\/03\/12\/1222\/#webpage"},"wordCount":2605,"publisher":{"@id":"https:\/\/association-recherche-enfance-adolescence.org\/#organization"},"inLanguage":"fr-FR"},{"@type":"Person","@id":"https:\/\/association-recherche-enfance-adolescence.org\/#\/schema\/person\/fbd4fdbaa46fda5229375ce86e3e0009","name":"vinz","url":"https:\/\/association-recherche-enfance-adolescence.org\/index.php\/author\/vinz\/"}]}},"_links":{"self":[{"href":"https:\/\/association-recherche-enfance-adolescence.org\/index.php\/wp-json\/wp\/v2\/posts\/1222","targetHints":{"allow":["GET"]}}],"collection":[{"href":"https:\/\/association-recherche-enfance-adolescence.org\/index.php\/wp-json\/wp\/v2\/posts"}],"about":[{"href":"https:\/\/association-recherche-enfance-adolescence.org\/index.php\/wp-json\/wp\/v2\/types\/post"}],"author":[{"embeddable":true,"href":"https:\/\/association-recherche-enfance-adolescence.org\/index.php\/wp-json\/wp\/v2\/users\/1"}],"replies":[{"embeddable":true,"href":"https:\/\/association-recherche-enfance-adolescence.org\/index.php\/wp-json\/wp\/v2\/comments?post=1222"}],"version-history":[{"count":6,"href":"https:\/\/association-recherche-enfance-adolescence.org\/index.php\/wp-json\/wp\/v2\/posts\/1222\/revisions"}],"predecessor-version":[{"id":1250,"href":"https:\/\/association-recherche-enfance-adolescence.org\/index.php\/wp-json\/wp\/v2\/posts\/1222\/revisions\/1250"}],"wp:attachment":[{"href":"https:\/\/association-recherche-enfance-adolescence.org\/index.php\/wp-json\/wp\/v2\/media?parent=1222"}],"wp:term":[{"taxonomy":"category","embeddable":true,"href":"https:\/\/association-recherche-enfance-adolescence.org\/index.php\/wp-json\/wp\/v2\/categories?post=1222"},{"taxonomy":"post_tag","embeddable":true,"href":"https:\/\/association-recherche-enfance-adolescence.org\/index.php\/wp-json\/wp\/v2\/tags?post=1222"}],"curies":[{"name":"wp","href":"https:\/\/api.w.org\/{rel}","templated":true}]}}