{"id":238,"date":"2019-04-02T08:51:24","date_gmt":"2019-04-02T06:51:24","guid":{"rendered":"http:\/\/association-recherche-enfance-adolescence.org\/?p=238"},"modified":"2019-04-02T08:51:27","modified_gmt":"2019-04-02T06:51:27","slug":"ailer-les-mythes-dispositifs-daccueil-et-daccompagnement-de-lenvol-de-ladolescence-et-des-adolescents","status":"publish","type":"post","link":"https:\/\/association-recherche-enfance-adolescence.org\/index.php\/2019\/04\/02\/ailer-les-mythes-dispositifs-daccueil-et-daccompagnement-de-lenvol-de-ladolescence-et-des-adolescents\/","title":{"rendered":"AILER LES MYTHES Dispositifs d&rsquo;accueil et d&rsquo;accompagnement de l&rsquo;envol de l\u2019adolescence et des adolescents"},"content":{"rendered":"\n<div class=\"wp-block-image\"><figure class=\"aligncenter\"><img loading=\"lazy\" decoding=\"async\" width=\"220\" height=\"172\" src=\"https:\/\/association-recherche-enfance-adolescence.org\/wp-content\/uploads\/2019\/04\/Sans-titre-1-220x172.jpg\" alt=\"\" class=\"wp-image-243\"\/><\/figure><\/div>\n\n\n\n<h2 class=\"wp-block-heading\"><strong>Journ\u00e9e d\u2019\u00e9tude du DAJA et de la FPAJ \u00ab\u00a0Formation aux pratiques dans le champ de l\u2019adolescence  et de la jeunesse\u00a0\u00bb du Centre Chapelle-aux-champs SSM-U<\/strong>CL<\/h2>\n\n\n\n<p><strong>9h<\/strong> ENVOL&nbsp; A. Mairy, p\u00e9dopsychiatre, co-responsable \u2013 DAJA<\/p>\n\n\n\n<p><strong>9h30<\/strong> ENTRE LOI ET SOIN, PUISER LES RESSOURCES<\/p>\n\n\n\n<p>M. Meganck, juge \u2013 Tribunal de la jeunesse de Bruxelles<\/p>\n\n\n\n<p>A. Beine, psychiatre \u2013 AREA+<\/p>\n\n\n\n<p>S. Michel, psychologue \u2013 DAJA<\/p>\n\n\n\n<p><strong>11h30<\/strong> ENTRE REFUGE ET EXPLORATION, DESSINER UNE TRACE<\/p>\n\n\n\n<p>N. Gorlenko et D.Canton Romero, psychologues \u2013 Maison M\u00e9dicale l\u2019Aster<\/p>\n\n\n\n<p>S. Vamossevelde, \u00e9ducatrice et E. Fairier, directeur \u2013 ABAKA<\/p>\n\n\n\n<p>A. Delf\u00e9ri\u00e8re, psychologue \u2013 DAJA<\/p>\n\n\n\n<p><strong>13H &nbsp;&nbsp;<\/strong> LUNCH<\/p>\n\n\n\n<p><strong>14h<\/strong> ENTRE ERRANCE ET PARCOURS, TROUVER UN ARRIMAGE<\/p>\n\n\n\n<p>F. Laurent, charg\u00e9e de mission \u2013 Le Forum-Bruxelles contre les in\u00e9galit\u00e9s<\/p>\n\n\n\n<p>J. Coeckelenbergh, psychologue et L. Gehrels, anthropologue \u2013 Espace jeunes du SSM Ulysse<\/p>\n\n\n\n<p>T. de Foy, psychologue \u2013 DAJA<\/p>\n\n\n\n<p><strong>15h45<\/strong> D\u2019UN MYTHE \u00c0 UNE FICTION OP\u00c9RANTE<\/p>\n\n\n\n<p>N. Ligny, sociologue et directeur de l\u2019association TH\u00c9L\u00c8MYTHE, Paris<\/p>\n\n\n\n<p>INTERVENTIONS PONCTUELLES DE BILLIE HANNE<\/p>\n\n\n\n<p>Danseuse et Po\u00e9tesse<\/p>\n\n\n\n<p><strong>16h30<\/strong> CONCLUSION&nbsp;A. Masson, psychiatre et responsable FPAJ et A. Mairy, p\u00e9dopsychiatre \u2013 DAJA<\/p>\n\n\n\n<h4 class=\"wp-block-heading\">Renseignements pratiques<\/h4>\n\n\n\n<p><strong>Quand<\/strong>\n                25\/04\/2019 &#8211; 25\/04\/2019<\/p>\n\n\n\n<p>09:00 &#8211; 17:00<strong>Lieu<\/strong><\/p>\n\n\n\n<p>Auditoire Maisin- Av. Mounier 50 \u00e0 1200 Bruxelles<strong>Organisateur<\/strong><\/p>\n\n\n\n<p>DAJA&amp; FPAJ<strong>Prix<\/strong><\/p>\n\n\n\n<p>60\u20ac (lunch compris)- 30\u20ac pour les \u00e9tudiants <\/p>\n\n\n\n<figure class=\"wp-block-embed-wordpress wp-block-embed is-type-wp-embed is-provider-chapelle-aux-champs\"><div class=\"wp-block-embed__wrapper\">\n<blockquote class=\"wp-embedded-content\" data-secret=\"YectVQ2hMl\"><a href=\"http:\/\/chapelle-aux-champs.be\/events\/ailer-les-mythes-dispositifs-daccueil-et-daccompagnement-de-lenvol-de-ladolescence-et-des-adolescents-journee-detude-du-daja-et-de-la-fpaj\/\">&laquo;&nbsp;Ailer les mythes&nbsp;&raquo; Dispositifs d&rsquo;accueil et d&rsquo;accompagnement de l&rsquo;envol de l&rsquo;adolescence et des adolescents- Journ\u00e9e d&rsquo;\u00e9tude 25\/04\/2019 du DAJA et de la FPAJ<\/a><\/blockquote><iframe loading=\"lazy\" class=\"wp-embedded-content\" sandbox=\"allow-scripts\" security=\"restricted\" style=\"position: absolute; clip: rect(1px, 1px, 1px, 1px);\" src=\"http:\/\/chapelle-aux-champs.be\/events\/ailer-les-mythes-dispositifs-daccueil-et-daccompagnement-de-lenvol-de-ladolescence-et-des-adolescents-journee-detude-du-daja-et-de-la-fpaj\/embed\/#?secret=YectVQ2hMl\" data-secret=\"YectVQ2hMl\" width=\"600\" height=\"338\" title=\"&laquo;&nbsp;&laquo;&nbsp;Ailer les mythes&nbsp;&raquo; Dispositifs d&rsquo;accueil et d&rsquo;accompagnement de l&rsquo;envol de l&rsquo;adolescence et des adolescents- Journ\u00e9e d&rsquo;\u00e9tude 25\/04\/2019 du DAJA et de la FPAJ&nbsp;&raquo; &#8212; Chapelle-aux-Champs\" frameborder=\"0\" marginwidth=\"0\" marginheight=\"0\" scrolling=\"no\"><\/iframe>\n<\/div><\/figure>\n","protected":false},"excerpt":{"rendered":"<p>Journ\u00e9e d\u2019\u00e9tude du DAJA et de la FPAJ \u00ab\u00a0Formation aux pratiques dans le champ de l\u2019adolescence et de la jeunesse\u00a0\u00bb du Centre Chapelle-aux-champs SSM-UCL 9h ENVOL&nbsp; A. Mairy, p\u00e9dopsychiatre, co-responsable \u2013 DAJA 9h30 ENTRE LOI ET SOIN, PUISER LES RESSOURCES M. Meganck, juge \u2013 Tribunal de la jeunesse de Bruxelles A. Beine, psychiatre \u2013 AREA+ [&hellip;]<\/p>\n","protected":false},"author":1,"featured_media":0,"comment_status":"open","ping_status":"open","sticky":false,"template":"","format":"standard","meta":{"_et_pb_use_builder":"off","_et_pb_old_content":"","_et_gb_content_width":"","footnotes":""},"categories":[1],"tags":[],"class_list":["post-238","post","type-post","status-publish","format-standard","hentry","category-non-classe"],"yoast_head":"<!-- This site is optimized with the Yoast SEO plugin v18.2 - https:\/\/yoast.com\/wordpress\/plugins\/seo\/ -->\n<title>AILER LES MYTHES Dispositifs d&#039;accueil et d&#039;accompagnement de l&#039;envol de l\u2019adolescence et des adolescents - AREA<\/title>\n<meta name=\"robots\" content=\"index, follow, max-snippet:-1, max-image-preview:large, max-video-preview:-1\" \/>\n<link rel=\"canonical\" href=\"https:\/\/association-recherche-enfance-adolescence.org\/index.php\/2019\/04\/02\/ailer-les-mythes-dispositifs-daccueil-et-daccompagnement-de-lenvol-de-ladolescence-et-des-adolescents\/\" \/>\n<meta property=\"og:locale\" content=\"fr_FR\" \/>\n<meta property=\"og:type\" content=\"article\" \/>\n<meta property=\"og:title\" content=\"AILER LES MYTHES Dispositifs d&#039;accueil et d&#039;accompagnement de l&#039;envol de l\u2019adolescence et des adolescents - AREA\" \/>\n<meta property=\"og:description\" content=\"Journ\u00e9e d\u2019\u00e9tude du DAJA et de la FPAJ \u00ab\u00a0Formation aux pratiques dans le champ de l\u2019adolescence et de la jeunesse\u00a0\u00bb du Centre Chapelle-aux-champs SSM-UCL 9h ENVOL&nbsp; A. Mairy, p\u00e9dopsychiatre, co-responsable \u2013 DAJA 9h30 ENTRE LOI ET SOIN, PUISER LES RESSOURCES M. Meganck, juge \u2013 Tribunal de la jeunesse de Bruxelles A. Beine, psychiatre \u2013 AREA+ [&hellip;]\" \/>\n<meta property=\"og:url\" content=\"https:\/\/association-recherche-enfance-adolescence.org\/index.php\/2019\/04\/02\/ailer-les-mythes-dispositifs-daccueil-et-daccompagnement-de-lenvol-de-ladolescence-et-des-adolescents\/\" \/>\n<meta property=\"og:site_name\" content=\"AREA\" \/>\n<meta property=\"article:published_time\" content=\"2019-04-02T06:51:24+00:00\" \/>\n<meta property=\"article:modified_time\" content=\"2019-04-02T06:51:27+00:00\" \/>\n<meta property=\"og:image\" content=\"http:\/\/association-recherche-enfance-adolescence.org\/wp-content\/uploads\/2019\/04\/Sans-titre-1-220x172.jpg\" \/>\n<meta name=\"twitter:card\" content=\"summary_large_image\" \/>\n<meta name=\"twitter:label1\" content=\"\u00c9crit par\" \/>\n\t<meta name=\"twitter:data1\" content=\"vinz\" \/>\n\t<meta name=\"twitter:label2\" content=\"Dur\u00e9e de lecture estim\u00e9e\" \/>\n\t<meta name=\"twitter:data2\" content=\"1 minute\" \/>\n<script type=\"application\/ld+json\" class=\"yoast-schema-graph\">{\"@context\":\"https:\/\/schema.org\",\"@graph\":[{\"@type\":\"Organization\",\"@id\":\"https:\/\/association-recherche-enfance-adolescence.org\/#organization\",\"name\":\"Association pour la Recherche sur l\u2019Enfance et l\u2019Adolescence\",\"url\":\"https:\/\/association-recherche-enfance-adolescence.org\/\",\"sameAs\":[],\"logo\":{\"@type\":\"ImageObject\",\"@id\":\"https:\/\/association-recherche-enfance-adolescence.org\/#logo\",\"inLanguage\":\"fr-FR\",\"url\":\"https:\/\/association-recherche-enfance-adolescence.org\/wp-content\/uploads\/2022\/03\/logo-area-.png\",\"contentUrl\":\"https:\/\/association-recherche-enfance-adolescence.org\/wp-content\/uploads\/2022\/03\/logo-area-.png\",\"width\":400,\"height\":447,\"caption\":\"Association pour la Recherche sur l\u2019Enfance et l\u2019Adolescence\"},\"image\":{\"@id\":\"https:\/\/association-recherche-enfance-adolescence.org\/#logo\"}},{\"@type\":\"WebSite\",\"@id\":\"https:\/\/association-recherche-enfance-adolescence.org\/#website\",\"url\":\"https:\/\/association-recherche-enfance-adolescence.org\/\",\"name\":\"AREA\",\"description\":\"Association de Recherche sur l&#039;Enfance et l&#039;Adolescence\",\"publisher\":{\"@id\":\"https:\/\/association-recherche-enfance-adolescence.org\/#organization\"},\"potentialAction\":[{\"@type\":\"SearchAction\",\"target\":{\"@type\":\"EntryPoint\",\"urlTemplate\":\"https:\/\/association-recherche-enfance-adolescence.org\/?s={search_term_string}\"},\"query-input\":\"required name=search_term_string\"}],\"inLanguage\":\"fr-FR\"},{\"@type\":\"ImageObject\",\"@id\":\"https:\/\/association-recherche-enfance-adolescence.org\/index.php\/2019\/04\/02\/ailer-les-mythes-dispositifs-daccueil-et-daccompagnement-de-lenvol-de-ladolescence-et-des-adolescents\/#primaryimage\",\"inLanguage\":\"fr-FR\",\"url\":\"http:\/\/association-recherche-enfance-adolescence.org\/wp-content\/uploads\/2019\/04\/Sans-titre-1-220x172.jpg\",\"contentUrl\":\"http:\/\/association-recherche-enfance-adolescence.org\/wp-content\/uploads\/2019\/04\/Sans-titre-1-220x172.jpg\"},{\"@type\":\"WebPage\",\"@id\":\"https:\/\/association-recherche-enfance-adolescence.org\/index.php\/2019\/04\/02\/ailer-les-mythes-dispositifs-daccueil-et-daccompagnement-de-lenvol-de-ladolescence-et-des-adolescents\/#webpage\",\"url\":\"https:\/\/association-recherche-enfance-adolescence.org\/index.php\/2019\/04\/02\/ailer-les-mythes-dispositifs-daccueil-et-daccompagnement-de-lenvol-de-ladolescence-et-des-adolescents\/\",\"name\":\"AILER LES MYTHES Dispositifs d'accueil et d'accompagnement de l'envol de l\u2019adolescence et des adolescents - AREA\",\"isPartOf\":{\"@id\":\"https:\/\/association-recherche-enfance-adolescence.org\/#website\"},\"primaryImageOfPage\":{\"@id\":\"https:\/\/association-recherche-enfance-adolescence.org\/index.php\/2019\/04\/02\/ailer-les-mythes-dispositifs-daccueil-et-daccompagnement-de-lenvol-de-ladolescence-et-des-adolescents\/#primaryimage\"},\"datePublished\":\"2019-04-02T06:51:24+00:00\",\"dateModified\":\"2019-04-02T06:51:27+00:00\",\"breadcrumb\":{\"@id\":\"https:\/\/association-recherche-enfance-adolescence.org\/index.php\/2019\/04\/02\/ailer-les-mythes-dispositifs-daccueil-et-daccompagnement-de-lenvol-de-ladolescence-et-des-adolescents\/#breadcrumb\"},\"inLanguage\":\"fr-FR\",\"potentialAction\":[{\"@type\":\"ReadAction\",\"target\":[\"https:\/\/association-recherche-enfance-adolescence.org\/index.php\/2019\/04\/02\/ailer-les-mythes-dispositifs-daccueil-et-daccompagnement-de-lenvol-de-ladolescence-et-des-adolescents\/\"]}]},{\"@type\":\"BreadcrumbList\",\"@id\":\"https:\/\/association-recherche-enfance-adolescence.org\/index.php\/2019\/04\/02\/ailer-les-mythes-dispositifs-daccueil-et-daccompagnement-de-lenvol-de-ladolescence-et-des-adolescents\/#breadcrumb\",\"itemListElement\":[{\"@type\":\"ListItem\",\"position\":1,\"name\":\"Accueil\",\"item\":\"https:\/\/association-recherche-enfance-adolescence.org\/\"},{\"@type\":\"ListItem\",\"position\":2,\"name\":\"AILER LES MYTHES Dispositifs d&rsquo;accueil et d&rsquo;accompagnement de l&rsquo;envol de l\u2019adolescence et des adolescents\"}]},{\"@type\":\"Article\",\"@id\":\"https:\/\/association-recherche-enfance-adolescence.org\/index.php\/2019\/04\/02\/ailer-les-mythes-dispositifs-daccueil-et-daccompagnement-de-lenvol-de-ladolescence-et-des-adolescents\/#article\",\"isPartOf\":{\"@id\":\"https:\/\/association-recherche-enfance-adolescence.org\/index.php\/2019\/04\/02\/ailer-les-mythes-dispositifs-daccueil-et-daccompagnement-de-lenvol-de-ladolescence-et-des-adolescents\/#webpage\"},\"author\":{\"@id\":\"https:\/\/association-recherche-enfance-adolescence.org\/#\/schema\/person\/fbd4fdbaa46fda5229375ce86e3e0009\"},\"headline\":\"AILER LES MYTHES Dispositifs d&rsquo;accueil et d&rsquo;accompagnement de l&rsquo;envol de l\u2019adolescence et des adolescents\",\"datePublished\":\"2019-04-02T06:51:24+00:00\",\"dateModified\":\"2019-04-02T06:51:27+00:00\",\"mainEntityOfPage\":{\"@id\":\"https:\/\/association-recherche-enfance-adolescence.org\/index.php\/2019\/04\/02\/ailer-les-mythes-dispositifs-daccueil-et-daccompagnement-de-lenvol-de-ladolescence-et-des-adolescents\/#webpage\"},\"wordCount\":221,\"commentCount\":0,\"publisher\":{\"@id\":\"https:\/\/association-recherche-enfance-adolescence.org\/#organization\"},\"image\":{\"@id\":\"https:\/\/association-recherche-enfance-adolescence.org\/index.php\/2019\/04\/02\/ailer-les-mythes-dispositifs-daccueil-et-daccompagnement-de-lenvol-de-ladolescence-et-des-adolescents\/#primaryimage\"},\"thumbnailUrl\":\"http:\/\/association-recherche-enfance-adolescence.org\/wp-content\/uploads\/2019\/04\/Sans-titre-1-220x172.jpg\",\"inLanguage\":\"fr-FR\",\"potentialAction\":[{\"@type\":\"CommentAction\",\"name\":\"Comment\",\"target\":[\"https:\/\/association-recherche-enfance-adolescence.org\/index.php\/2019\/04\/02\/ailer-les-mythes-dispositifs-daccueil-et-daccompagnement-de-lenvol-de-ladolescence-et-des-adolescents\/#respond\"]}]},{\"@type\":\"Person\",\"@id\":\"https:\/\/association-recherche-enfance-adolescence.org\/#\/schema\/person\/fbd4fdbaa46fda5229375ce86e3e0009\",\"name\":\"vinz\",\"url\":\"https:\/\/association-recherche-enfance-adolescence.org\/index.php\/author\/vinz\/\"}]}<\/script>\n<!-- \/ Yoast SEO plugin. -->","yoast_head_json":{"title":"AILER LES MYTHES Dispositifs d'accueil et d'accompagnement de l'envol de l\u2019adolescence et des adolescents - AREA","robots":{"index":"index","follow":"follow","max-snippet":"max-snippet:-1","max-image-preview":"max-image-preview:large","max-video-preview":"max-video-preview:-1"},"canonical":"https:\/\/association-recherche-enfance-adolescence.org\/index.php\/2019\/04\/02\/ailer-les-mythes-dispositifs-daccueil-et-daccompagnement-de-lenvol-de-ladolescence-et-des-adolescents\/","og_locale":"fr_FR","og_type":"article","og_title":"AILER LES MYTHES Dispositifs d'accueil et d'accompagnement de l'envol de l\u2019adolescence et des adolescents - AREA","og_description":"Journ\u00e9e d\u2019\u00e9tude du DAJA et de la FPAJ \u00ab\u00a0Formation aux pratiques dans le champ de l\u2019adolescence et de la jeunesse\u00a0\u00bb du Centre Chapelle-aux-champs SSM-UCL 9h ENVOL&nbsp; A. Mairy, p\u00e9dopsychiatre, co-responsable \u2013 DAJA 9h30 ENTRE LOI ET SOIN, PUISER LES RESSOURCES M. Meganck, juge \u2013 Tribunal de la jeunesse de Bruxelles A. Beine, psychiatre \u2013 AREA+ [&hellip;]","og_url":"https:\/\/association-recherche-enfance-adolescence.org\/index.php\/2019\/04\/02\/ailer-les-mythes-dispositifs-daccueil-et-daccompagnement-de-lenvol-de-ladolescence-et-des-adolescents\/","og_site_name":"AREA","article_published_time":"2019-04-02T06:51:24+00:00","article_modified_time":"2019-04-02T06:51:27+00:00","og_image":[{"url":"http:\/\/association-recherche-enfance-adolescence.org\/wp-content\/uploads\/2019\/04\/Sans-titre-1-220x172.jpg"}],"twitter_card":"summary_large_image","twitter_misc":{"\u00c9crit par":"vinz","Dur\u00e9e de lecture estim\u00e9e":"1 minute"},"schema":{"@context":"https:\/\/schema.org","@graph":[{"@type":"Organization","@id":"https:\/\/association-recherche-enfance-adolescence.org\/#organization","name":"Association pour la Recherche sur l\u2019Enfance et l\u2019Adolescence","url":"https:\/\/association-recherche-enfance-adolescence.org\/","sameAs":[],"logo":{"@type":"ImageObject","@id":"https:\/\/association-recherche-enfance-adolescence.org\/#logo","inLanguage":"fr-FR","url":"https:\/\/association-recherche-enfance-adolescence.org\/wp-content\/uploads\/2022\/03\/logo-area-.png","contentUrl":"https:\/\/association-recherche-enfance-adolescence.org\/wp-content\/uploads\/2022\/03\/logo-area-.png","width":400,"height":447,"caption":"Association pour la Recherche sur l\u2019Enfance et l\u2019Adolescence"},"image":{"@id":"https:\/\/association-recherche-enfance-adolescence.org\/#logo"}},{"@type":"WebSite","@id":"https:\/\/association-recherche-enfance-adolescence.org\/#website","url":"https:\/\/association-recherche-enfance-adolescence.org\/","name":"AREA","description":"Association de Recherche sur l&#039;Enfance et l&#039;Adolescence","publisher":{"@id":"https:\/\/association-recherche-enfance-adolescence.org\/#organization"},"potentialAction":[{"@type":"SearchAction","target":{"@type":"EntryPoint","urlTemplate":"https:\/\/association-recherche-enfance-adolescence.org\/?s={search_term_string}"},"query-input":"required name=search_term_string"}],"inLanguage":"fr-FR"},{"@type":"ImageObject","@id":"https:\/\/association-recherche-enfance-adolescence.org\/index.php\/2019\/04\/02\/ailer-les-mythes-dispositifs-daccueil-et-daccompagnement-de-lenvol-de-ladolescence-et-des-adolescents\/#primaryimage","inLanguage":"fr-FR","url":"http:\/\/association-recherche-enfance-adolescence.org\/wp-content\/uploads\/2019\/04\/Sans-titre-1-220x172.jpg","contentUrl":"http:\/\/association-recherche-enfance-adolescence.org\/wp-content\/uploads\/2019\/04\/Sans-titre-1-220x172.jpg"},{"@type":"WebPage","@id":"https:\/\/association-recherche-enfance-adolescence.org\/index.php\/2019\/04\/02\/ailer-les-mythes-dispositifs-daccueil-et-daccompagnement-de-lenvol-de-ladolescence-et-des-adolescents\/#webpage","url":"https:\/\/association-recherche-enfance-adolescence.org\/index.php\/2019\/04\/02\/ailer-les-mythes-dispositifs-daccueil-et-daccompagnement-de-lenvol-de-ladolescence-et-des-adolescents\/","name":"AILER LES MYTHES Dispositifs d'accueil et d'accompagnement de l'envol de l\u2019adolescence et des adolescents - AREA","isPartOf":{"@id":"https:\/\/association-recherche-enfance-adolescence.org\/#website"},"primaryImageOfPage":{"@id":"https:\/\/association-recherche-enfance-adolescence.org\/index.php\/2019\/04\/02\/ailer-les-mythes-dispositifs-daccueil-et-daccompagnement-de-lenvol-de-ladolescence-et-des-adolescents\/#primaryimage"},"datePublished":"2019-04-02T06:51:24+00:00","dateModified":"2019-04-02T06:51:27+00:00","breadcrumb":{"@id":"https:\/\/association-recherche-enfance-adolescence.org\/index.php\/2019\/04\/02\/ailer-les-mythes-dispositifs-daccueil-et-daccompagnement-de-lenvol-de-ladolescence-et-des-adolescents\/#breadcrumb"},"inLanguage":"fr-FR","potentialAction":[{"@type":"ReadAction","target":["https:\/\/association-recherche-enfance-adolescence.org\/index.php\/2019\/04\/02\/ailer-les-mythes-dispositifs-daccueil-et-daccompagnement-de-lenvol-de-ladolescence-et-des-adolescents\/"]}]},{"@type":"BreadcrumbList","@id":"https:\/\/association-recherche-enfance-adolescence.org\/index.php\/2019\/04\/02\/ailer-les-mythes-dispositifs-daccueil-et-daccompagnement-de-lenvol-de-ladolescence-et-des-adolescents\/#breadcrumb","itemListElement":[{"@type":"ListItem","position":1,"name":"Accueil","item":"https:\/\/association-recherche-enfance-adolescence.org\/"},{"@type":"ListItem","position":2,"name":"AILER LES MYTHES Dispositifs d&rsquo;accueil et d&rsquo;accompagnement de l&rsquo;envol de l\u2019adolescence et des adolescents"}]},{"@type":"Article","@id":"https:\/\/association-recherche-enfance-adolescence.org\/index.php\/2019\/04\/02\/ailer-les-mythes-dispositifs-daccueil-et-daccompagnement-de-lenvol-de-ladolescence-et-des-adolescents\/#article","isPartOf":{"@id":"https:\/\/association-recherche-enfance-adolescence.org\/index.php\/2019\/04\/02\/ailer-les-mythes-dispositifs-daccueil-et-daccompagnement-de-lenvol-de-ladolescence-et-des-adolescents\/#webpage"},"author":{"@id":"https:\/\/association-recherche-enfance-adolescence.org\/#\/schema\/person\/fbd4fdbaa46fda5229375ce86e3e0009"},"headline":"AILER LES MYTHES Dispositifs d&rsquo;accueil et d&rsquo;accompagnement de l&rsquo;envol de l\u2019adolescence et des adolescents","datePublished":"2019-04-02T06:51:24+00:00","dateModified":"2019-04-02T06:51:27+00:00","mainEntityOfPage":{"@id":"https:\/\/association-recherche-enfance-adolescence.org\/index.php\/2019\/04\/02\/ailer-les-mythes-dispositifs-daccueil-et-daccompagnement-de-lenvol-de-ladolescence-et-des-adolescents\/#webpage"},"wordCount":221,"commentCount":0,"publisher":{"@id":"https:\/\/association-recherche-enfance-adolescence.org\/#organization"},"image":{"@id":"https:\/\/association-recherche-enfance-adolescence.org\/index.php\/2019\/04\/02\/ailer-les-mythes-dispositifs-daccueil-et-daccompagnement-de-lenvol-de-ladolescence-et-des-adolescents\/#primaryimage"},"thumbnailUrl":"http:\/\/association-recherche-enfance-adolescence.org\/wp-content\/uploads\/2019\/04\/Sans-titre-1-220x172.jpg","inLanguage":"fr-FR","potentialAction":[{"@type":"CommentAction","name":"Comment","target":["https:\/\/association-recherche-enfance-adolescence.org\/index.php\/2019\/04\/02\/ailer-les-mythes-dispositifs-daccueil-et-daccompagnement-de-lenvol-de-ladolescence-et-des-adolescents\/#respond"]}]},{"@type":"Person","@id":"https:\/\/association-recherche-enfance-adolescence.org\/#\/schema\/person\/fbd4fdbaa46fda5229375ce86e3e0009","name":"vinz","url":"https:\/\/association-recherche-enfance-adolescence.org\/index.php\/author\/vinz\/"}]}},"_links":{"self":[{"href":"https:\/\/association-recherche-enfance-adolescence.org\/index.php\/wp-json\/wp\/v2\/posts\/238","targetHints":{"allow":["GET"]}}],"collection":[{"href":"https:\/\/association-recherche-enfance-adolescence.org\/index.php\/wp-json\/wp\/v2\/posts"}],"about":[{"href":"https:\/\/association-recherche-enfance-adolescence.org\/index.php\/wp-json\/wp\/v2\/types\/post"}],"author":[{"embeddable":true,"href":"https:\/\/association-recherche-enfance-adolescence.org\/index.php\/wp-json\/wp\/v2\/users\/1"}],"replies":[{"embeddable":true,"href":"https:\/\/association-recherche-enfance-adolescence.org\/index.php\/wp-json\/wp\/v2\/comments?post=238"}],"version-history":[{"count":5,"href":"https:\/\/association-recherche-enfance-adolescence.org\/index.php\/wp-json\/wp\/v2\/posts\/238\/revisions"}],"predecessor-version":[{"id":245,"href":"https:\/\/association-recherche-enfance-adolescence.org\/index.php\/wp-json\/wp\/v2\/posts\/238\/revisions\/245"}],"wp:attachment":[{"href":"https:\/\/association-recherche-enfance-adolescence.org\/index.php\/wp-json\/wp\/v2\/media?parent=238"}],"wp:term":[{"taxonomy":"category","embeddable":true,"href":"https:\/\/association-recherche-enfance-adolescence.org\/index.php\/wp-json\/wp\/v2\/categories?post=238"},{"taxonomy":"post_tag","embeddable":true,"href":"https:\/\/association-recherche-enfance-adolescence.org\/index.php\/wp-json\/wp\/v2\/tags?post=238"}],"curies":[{"name":"wp","href":"https:\/\/api.w.org\/{rel}","templated":true}]}}