{"id":265,"date":"2019-05-07T18:28:03","date_gmt":"2019-05-07T16:28:03","guid":{"rendered":"http:\/\/association-recherche-enfance-adolescence.org\/?p=265"},"modified":"2019-05-07T18:28:48","modified_gmt":"2019-05-07T16:28:48","slug":"mutations-sociales-mutations-des-institutions","status":"publish","type":"post","link":"https:\/\/association-recherche-enfance-adolescence.org\/index.php\/2019\/05\/07\/mutations-sociales-mutations-des-institutions\/","title":{"rendered":"\u00ab Mutations sociales, mutations des institutions \u00bb"},"content":{"rendered":"<p>[et_pb_section fb_built=\u00a0\u00bb1&Prime; _builder_version=\u00a0\u00bb3.20.2&Prime;][et_pb_row _builder_version=\u00a0\u00bb3.20.2&Prime;][et_pb_column type=\u00a0\u00bb4_4&Prime; _builder_version=\u00a0\u00bb3.20.2&Prime;][et_pb_text _builder_version=\u00a0\u00bb3.20.2&Prime;]<\/p>\n<p>&nbsp;<\/p>\n<p><strong><em>R\u00e9seau de professionnels du soin des adolescents\u00a0 <\/em><\/strong><strong><em>du territoire Nord-Ouest de Seine-Saint-Denis<\/em><\/strong><\/p>\n<p>\u00a0<strong>CONFERENCE \u2013 DEBAT \u00a0<\/strong><strong><em> <\/em><\/strong><strong><em><\/em><\/strong><strong><em>\u00ab\u00a0Mutations sociales, mutations des institutions\u00a0\u00bb<\/em><\/strong><\/p>\n<p><strong><em>\u00a0<\/em><\/strong><\/p>\n<p><strong>Lundi 13 Mai 2019<\/strong><\/p>\n<p><strong>14 h \u2013 17 h<\/strong><\/p>\n<p>H\u00f4tel de Ville de Saint-Denis<\/p>\n<p><strong>Salle du Conseil Municipal<\/strong><\/p>\n<p>Ancienne Mairie &#8211; 2, place Victor Hugo<\/p>\n<p>T\u00e9l CASADO\u00a0: 01.48.13.16.43 \/ E-mail\u00a0: <a href=\"mailto:casado@ch-stdenis.fr\">casado@ch-stdenis.fr<\/a><\/p>\n<p><strong><em>\u00a0<\/em><\/strong><\/p>\n<p style=\"text-align: justify;\"><strong><em>\u00a0<\/em><\/strong><\/p>\n<p style=\"text-align: justify;\">Les institutions fr\u00e9quent\u00e9es par les adolescents sont nombreuses. Certaines se consacrent au soin psychique, d\u2019autres \u00e0 l\u2019\u00e9ducation ou \u00e0 l\u2019enseignement, d\u2019autres encore affichent une pluridisciplinarit\u00e9. Face aux difficult\u00e9s des adolescents, on pr\u00f4ne d\u2019un c\u00f4t\u00e9 l\u2019inclusion scolaire et sociale, mais on d\u00e9plore aussi de l\u2019autre le manque de places en institutions sp\u00e9cialis\u00e9es. Les savoir-faire ne seraient plus op\u00e9rants. On aurait trop \u00ab\u00a0l\u00e2ch\u00e9\u00a0\u00bb sur l\u2019\u00e9ducatif, la p\u00e9dagogie serait devenue trop moderne, le soin pas assez efficace et rapide\u2026. A l\u2019\u00e9poque de la diversit\u00e9 des constructions familiales, identitaires et de genre, tout devrait s\u2019individualiser. A l\u2019\u00e9poque des start-up et de la qu\u00eate constante de l\u2019innovation, tout devrait se moderniser.<\/p>\n<p style=\"text-align: justify;\">Les nouvelles technologies, les nouvelles demandes et les nouveaux modes de vie, voire d\u2019\u00eatre, appellent-ils de nouveaux positionnements de l\u2019enseignement, du travail social et du soin\u00a0? Apr\u00e8s tout, les institutions ne sont-elles pas toujours prises de court par le progr\u00e8s ? Et la cr\u00e9ativit\u00e9 des adolescents n\u2019a-t-elle pas toujours un temps d\u2019avance sur l\u2019\u00e9volution des institutions\u00a0?<\/p>\n<p style=\"text-align: justify;\">De nouveaux dispositifs voient le jour, cens\u00e9s r\u00e9pondre de mani\u00e8re plus individualis\u00e9e, moins collective, dans une perspective toujours plus inclusive (DITEP\u2026). Le soin ne serait plus la seule propri\u00e9t\u00e9 des <em>\u00abinstitutions\u00a0psy\u00a0\u00bb<\/em> mais rel\u00e8verait tout autant des interventions sociales, et de l\u2019inclusion scolaire reposant la question du <em>\u00ab\u00a0qui soigne\u00a0\u00bb<\/em> ou du <em>\u00ab\u00a0qu\u2019est-ce qui soigne<\/em>\u00a0\u00bb ?<\/p>\n<p style=\"text-align: justify;\">Certains redoutent que les changements ne r\u00e9pondent qu\u2019\u00e0 la logique du moindre co\u00fbt, de la productivit\u00e9 et de la rentabilit\u00e9. Les adolescents en difficult\u00e9 sont parmi nous les plus sensibles aux changements institutionnels. Quelles places leur sont r\u00e9ellement offertes dans ces \u00e9volutions\u00a0?<\/p>\n<p>&nbsp;<\/p>\n<p><strong>PROGRAMME<\/strong><\/p>\n<p><strong>14 h 00 \u2013 15 h15<\/strong> \u00a0\u00a0\u00a0Conf\u00e9rence<\/p>\n<p>Pr Marcel Jaeger, titulaire de la chaire de travail social et d\u2019intervention sociale du CNAM (Conservatoire National des Arts et M\u00e9tiers)<\/p>\n<p><strong>15 h 15 \u2013 15 h 30 \u00a0\u00a0\u00a0<\/strong>Pause<\/p>\n<p><strong>15 h 30 \u2013 17 h 00\u00a0\u00a0\u00a0 <\/strong>Pr\u00e9sentation du service \u00ab\u00a0EDI\u00a0\u00bb<\/p>\n<p>(Espace Dynamique d\u2019Insertion de Saint-Denis)<\/p>\n<p><strong>Entr\u00e9e libre dans la limite des places disponibles<\/strong><\/p>\n<p><strong>Inscription obligatoire<\/strong><\/p>\n<p><a href=\"mailto:casado@ch-stdenis.fr\"><strong>casado@ch-stdenis.fr<\/strong><\/a><\/p>\n<p>[\/et_pb_text][\/et_pb_column][\/et_pb_row][\/et_pb_section]<\/p>\n","protected":false},"excerpt":{"rendered":"<p>&nbsp; R\u00e9seau de professionnels du soin des adolescents\u00a0 du territoire Nord-Ouest de Seine-Saint-Denis \u00a0CONFERENCE \u2013 DEBAT \u00a0 \u00ab\u00a0Mutations sociales, mutations des institutions\u00a0\u00bb \u00a0 Lundi 13 Mai 2019 14 h \u2013 17 h H\u00f4tel de Ville de Saint-Denis Salle du Conseil Municipal Ancienne Mairie &#8211; 2, place Victor Hugo T\u00e9l CASADO\u00a0: 01.48.13.16.43 \/ E-mail\u00a0: casado@ch-stdenis.fr \u00a0 [&hellip;]<\/p>\n","protected":false},"author":1,"featured_media":0,"comment_status":"open","ping_status":"open","sticky":false,"template":"","format":"standard","meta":{"_et_pb_use_builder":"on","_et_pb_old_content":"","_et_gb_content_width":"","footnotes":""},"categories":[1],"tags":[],"class_list":["post-265","post","type-post","status-publish","format-standard","hentry","category-non-classe"],"yoast_head":"<!-- This site is optimized with the Yoast SEO plugin v18.2 - https:\/\/yoast.com\/wordpress\/plugins\/seo\/ -->\n<title>\u00ab Mutations sociales, mutations des institutions \u00bb - AREA<\/title>\n<meta name=\"robots\" content=\"index, follow, max-snippet:-1, max-image-preview:large, max-video-preview:-1\" \/>\n<link rel=\"canonical\" href=\"https:\/\/association-recherche-enfance-adolescence.org\/index.php\/2019\/05\/07\/mutations-sociales-mutations-des-institutions\/\" \/>\n<meta property=\"og:locale\" content=\"fr_FR\" \/>\n<meta property=\"og:type\" content=\"article\" \/>\n<meta property=\"og:title\" content=\"\u00ab Mutations sociales, mutations des institutions \u00bb - AREA\" \/>\n<meta property=\"og:description\" content=\"&nbsp; R\u00e9seau de professionnels du soin des adolescents\u00a0 du territoire Nord-Ouest de Seine-Saint-Denis \u00a0CONFERENCE \u2013 DEBAT \u00a0 \u00ab\u00a0Mutations sociales, mutations des institutions\u00a0\u00bb \u00a0 Lundi 13 Mai 2019 14 h \u2013 17 h H\u00f4tel de Ville de Saint-Denis Salle du Conseil Municipal Ancienne Mairie - 2, place Victor Hugo T\u00e9l CASADO\u00a0: 01.48.13.16.43 \/ E-mail\u00a0: casado@ch-stdenis.fr \u00a0 [&hellip;]\" \/>\n<meta property=\"og:url\" content=\"https:\/\/association-recherche-enfance-adolescence.org\/index.php\/2019\/05\/07\/mutations-sociales-mutations-des-institutions\/\" \/>\n<meta property=\"og:site_name\" content=\"AREA\" \/>\n<meta property=\"article:published_time\" content=\"2019-05-07T16:28:03+00:00\" \/>\n<meta property=\"article:modified_time\" content=\"2019-05-07T16:28:48+00:00\" \/>\n<meta name=\"twitter:card\" content=\"summary_large_image\" \/>\n<meta name=\"twitter:label1\" content=\"\u00c9crit par\" \/>\n\t<meta name=\"twitter:data1\" content=\"vinz\" \/>\n\t<meta name=\"twitter:label2\" content=\"Dur\u00e9e de lecture estim\u00e9e\" \/>\n\t<meta name=\"twitter:data2\" content=\"2 minutes\" \/>\n<script type=\"application\/ld+json\" class=\"yoast-schema-graph\">{\"@context\":\"https:\/\/schema.org\",\"@graph\":[{\"@type\":\"Organization\",\"@id\":\"https:\/\/association-recherche-enfance-adolescence.org\/#organization\",\"name\":\"Association pour la Recherche sur l\u2019Enfance et l\u2019Adolescence\",\"url\":\"https:\/\/association-recherche-enfance-adolescence.org\/\",\"sameAs\":[],\"logo\":{\"@type\":\"ImageObject\",\"@id\":\"https:\/\/association-recherche-enfance-adolescence.org\/#logo\",\"inLanguage\":\"fr-FR\",\"url\":\"https:\/\/association-recherche-enfance-adolescence.org\/wp-content\/uploads\/2022\/03\/logo-area-.png\",\"contentUrl\":\"https:\/\/association-recherche-enfance-adolescence.org\/wp-content\/uploads\/2022\/03\/logo-area-.png\",\"width\":400,\"height\":447,\"caption\":\"Association pour la Recherche sur l\u2019Enfance et l\u2019Adolescence\"},\"image\":{\"@id\":\"https:\/\/association-recherche-enfance-adolescence.org\/#logo\"}},{\"@type\":\"WebSite\",\"@id\":\"https:\/\/association-recherche-enfance-adolescence.org\/#website\",\"url\":\"https:\/\/association-recherche-enfance-adolescence.org\/\",\"name\":\"AREA\",\"description\":\"Association de Recherche sur l&#039;Enfance et l&#039;Adolescence\",\"publisher\":{\"@id\":\"https:\/\/association-recherche-enfance-adolescence.org\/#organization\"},\"potentialAction\":[{\"@type\":\"SearchAction\",\"target\":{\"@type\":\"EntryPoint\",\"urlTemplate\":\"https:\/\/association-recherche-enfance-adolescence.org\/?s={search_term_string}\"},\"query-input\":\"required name=search_term_string\"}],\"inLanguage\":\"fr-FR\"},{\"@type\":\"WebPage\",\"@id\":\"https:\/\/association-recherche-enfance-adolescence.org\/index.php\/2019\/05\/07\/mutations-sociales-mutations-des-institutions\/#webpage\",\"url\":\"https:\/\/association-recherche-enfance-adolescence.org\/index.php\/2019\/05\/07\/mutations-sociales-mutations-des-institutions\/\",\"name\":\"\u00ab Mutations sociales, mutations des institutions \u00bb - AREA\",\"isPartOf\":{\"@id\":\"https:\/\/association-recherche-enfance-adolescence.org\/#website\"},\"datePublished\":\"2019-05-07T16:28:03+00:00\",\"dateModified\":\"2019-05-07T16:28:48+00:00\",\"breadcrumb\":{\"@id\":\"https:\/\/association-recherche-enfance-adolescence.org\/index.php\/2019\/05\/07\/mutations-sociales-mutations-des-institutions\/#breadcrumb\"},\"inLanguage\":\"fr-FR\",\"potentialAction\":[{\"@type\":\"ReadAction\",\"target\":[\"https:\/\/association-recherche-enfance-adolescence.org\/index.php\/2019\/05\/07\/mutations-sociales-mutations-des-institutions\/\"]}]},{\"@type\":\"BreadcrumbList\",\"@id\":\"https:\/\/association-recherche-enfance-adolescence.org\/index.php\/2019\/05\/07\/mutations-sociales-mutations-des-institutions\/#breadcrumb\",\"itemListElement\":[{\"@type\":\"ListItem\",\"position\":1,\"name\":\"Accueil\",\"item\":\"https:\/\/association-recherche-enfance-adolescence.org\/\"},{\"@type\":\"ListItem\",\"position\":2,\"name\":\"\u00ab Mutations sociales, mutations des institutions \u00bb\"}]},{\"@type\":\"Article\",\"@id\":\"https:\/\/association-recherche-enfance-adolescence.org\/index.php\/2019\/05\/07\/mutations-sociales-mutations-des-institutions\/#article\",\"isPartOf\":{\"@id\":\"https:\/\/association-recherche-enfance-adolescence.org\/index.php\/2019\/05\/07\/mutations-sociales-mutations-des-institutions\/#webpage\"},\"author\":{\"@id\":\"https:\/\/association-recherche-enfance-adolescence.org\/#\/schema\/person\/fbd4fdbaa46fda5229375ce86e3e0009\"},\"headline\":\"\u00ab Mutations sociales, mutations des institutions \u00bb\",\"datePublished\":\"2019-05-07T16:28:03+00:00\",\"dateModified\":\"2019-05-07T16:28:48+00:00\",\"mainEntityOfPage\":{\"@id\":\"https:\/\/association-recherche-enfance-adolescence.org\/index.php\/2019\/05\/07\/mutations-sociales-mutations-des-institutions\/#webpage\"},\"wordCount\":445,\"commentCount\":0,\"publisher\":{\"@id\":\"https:\/\/association-recherche-enfance-adolescence.org\/#organization\"},\"inLanguage\":\"fr-FR\",\"potentialAction\":[{\"@type\":\"CommentAction\",\"name\":\"Comment\",\"target\":[\"https:\/\/association-recherche-enfance-adolescence.org\/index.php\/2019\/05\/07\/mutations-sociales-mutations-des-institutions\/#respond\"]}]},{\"@type\":\"Person\",\"@id\":\"https:\/\/association-recherche-enfance-adolescence.org\/#\/schema\/person\/fbd4fdbaa46fda5229375ce86e3e0009\",\"name\":\"vinz\",\"url\":\"https:\/\/association-recherche-enfance-adolescence.org\/index.php\/author\/vinz\/\"}]}<\/script>\n<!-- \/ Yoast SEO plugin. -->","yoast_head_json":{"title":"\u00ab Mutations sociales, mutations des institutions \u00bb - AREA","robots":{"index":"index","follow":"follow","max-snippet":"max-snippet:-1","max-image-preview":"max-image-preview:large","max-video-preview":"max-video-preview:-1"},"canonical":"https:\/\/association-recherche-enfance-adolescence.org\/index.php\/2019\/05\/07\/mutations-sociales-mutations-des-institutions\/","og_locale":"fr_FR","og_type":"article","og_title":"\u00ab Mutations sociales, mutations des institutions \u00bb - AREA","og_description":"&nbsp; R\u00e9seau de professionnels du soin des adolescents\u00a0 du territoire Nord-Ouest de Seine-Saint-Denis \u00a0CONFERENCE \u2013 DEBAT \u00a0 \u00ab\u00a0Mutations sociales, mutations des institutions\u00a0\u00bb \u00a0 Lundi 13 Mai 2019 14 h \u2013 17 h H\u00f4tel de Ville de Saint-Denis Salle du Conseil Municipal Ancienne Mairie - 2, place Victor Hugo T\u00e9l CASADO\u00a0: 01.48.13.16.43 \/ E-mail\u00a0: casado@ch-stdenis.fr \u00a0 [&hellip;]","og_url":"https:\/\/association-recherche-enfance-adolescence.org\/index.php\/2019\/05\/07\/mutations-sociales-mutations-des-institutions\/","og_site_name":"AREA","article_published_time":"2019-05-07T16:28:03+00:00","article_modified_time":"2019-05-07T16:28:48+00:00","twitter_card":"summary_large_image","twitter_misc":{"\u00c9crit par":"vinz","Dur\u00e9e de lecture estim\u00e9e":"2 minutes"},"schema":{"@context":"https:\/\/schema.org","@graph":[{"@type":"Organization","@id":"https:\/\/association-recherche-enfance-adolescence.org\/#organization","name":"Association pour la Recherche sur l\u2019Enfance et l\u2019Adolescence","url":"https:\/\/association-recherche-enfance-adolescence.org\/","sameAs":[],"logo":{"@type":"ImageObject","@id":"https:\/\/association-recherche-enfance-adolescence.org\/#logo","inLanguage":"fr-FR","url":"https:\/\/association-recherche-enfance-adolescence.org\/wp-content\/uploads\/2022\/03\/logo-area-.png","contentUrl":"https:\/\/association-recherche-enfance-adolescence.org\/wp-content\/uploads\/2022\/03\/logo-area-.png","width":400,"height":447,"caption":"Association pour la Recherche sur l\u2019Enfance et l\u2019Adolescence"},"image":{"@id":"https:\/\/association-recherche-enfance-adolescence.org\/#logo"}},{"@type":"WebSite","@id":"https:\/\/association-recherche-enfance-adolescence.org\/#website","url":"https:\/\/association-recherche-enfance-adolescence.org\/","name":"AREA","description":"Association de Recherche sur l&#039;Enfance et l&#039;Adolescence","publisher":{"@id":"https:\/\/association-recherche-enfance-adolescence.org\/#organization"},"potentialAction":[{"@type":"SearchAction","target":{"@type":"EntryPoint","urlTemplate":"https:\/\/association-recherche-enfance-adolescence.org\/?s={search_term_string}"},"query-input":"required name=search_term_string"}],"inLanguage":"fr-FR"},{"@type":"WebPage","@id":"https:\/\/association-recherche-enfance-adolescence.org\/index.php\/2019\/05\/07\/mutations-sociales-mutations-des-institutions\/#webpage","url":"https:\/\/association-recherche-enfance-adolescence.org\/index.php\/2019\/05\/07\/mutations-sociales-mutations-des-institutions\/","name":"\u00ab Mutations sociales, mutations des institutions \u00bb - AREA","isPartOf":{"@id":"https:\/\/association-recherche-enfance-adolescence.org\/#website"},"datePublished":"2019-05-07T16:28:03+00:00","dateModified":"2019-05-07T16:28:48+00:00","breadcrumb":{"@id":"https:\/\/association-recherche-enfance-adolescence.org\/index.php\/2019\/05\/07\/mutations-sociales-mutations-des-institutions\/#breadcrumb"},"inLanguage":"fr-FR","potentialAction":[{"@type":"ReadAction","target":["https:\/\/association-recherche-enfance-adolescence.org\/index.php\/2019\/05\/07\/mutations-sociales-mutations-des-institutions\/"]}]},{"@type":"BreadcrumbList","@id":"https:\/\/association-recherche-enfance-adolescence.org\/index.php\/2019\/05\/07\/mutations-sociales-mutations-des-institutions\/#breadcrumb","itemListElement":[{"@type":"ListItem","position":1,"name":"Accueil","item":"https:\/\/association-recherche-enfance-adolescence.org\/"},{"@type":"ListItem","position":2,"name":"\u00ab Mutations sociales, mutations des institutions \u00bb"}]},{"@type":"Article","@id":"https:\/\/association-recherche-enfance-adolescence.org\/index.php\/2019\/05\/07\/mutations-sociales-mutations-des-institutions\/#article","isPartOf":{"@id":"https:\/\/association-recherche-enfance-adolescence.org\/index.php\/2019\/05\/07\/mutations-sociales-mutations-des-institutions\/#webpage"},"author":{"@id":"https:\/\/association-recherche-enfance-adolescence.org\/#\/schema\/person\/fbd4fdbaa46fda5229375ce86e3e0009"},"headline":"\u00ab Mutations sociales, mutations des institutions \u00bb","datePublished":"2019-05-07T16:28:03+00:00","dateModified":"2019-05-07T16:28:48+00:00","mainEntityOfPage":{"@id":"https:\/\/association-recherche-enfance-adolescence.org\/index.php\/2019\/05\/07\/mutations-sociales-mutations-des-institutions\/#webpage"},"wordCount":445,"commentCount":0,"publisher":{"@id":"https:\/\/association-recherche-enfance-adolescence.org\/#organization"},"inLanguage":"fr-FR","potentialAction":[{"@type":"CommentAction","name":"Comment","target":["https:\/\/association-recherche-enfance-adolescence.org\/index.php\/2019\/05\/07\/mutations-sociales-mutations-des-institutions\/#respond"]}]},{"@type":"Person","@id":"https:\/\/association-recherche-enfance-adolescence.org\/#\/schema\/person\/fbd4fdbaa46fda5229375ce86e3e0009","name":"vinz","url":"https:\/\/association-recherche-enfance-adolescence.org\/index.php\/author\/vinz\/"}]}},"_links":{"self":[{"href":"https:\/\/association-recherche-enfance-adolescence.org\/index.php\/wp-json\/wp\/v2\/posts\/265","targetHints":{"allow":["GET"]}}],"collection":[{"href":"https:\/\/association-recherche-enfance-adolescence.org\/index.php\/wp-json\/wp\/v2\/posts"}],"about":[{"href":"https:\/\/association-recherche-enfance-adolescence.org\/index.php\/wp-json\/wp\/v2\/types\/post"}],"author":[{"embeddable":true,"href":"https:\/\/association-recherche-enfance-adolescence.org\/index.php\/wp-json\/wp\/v2\/users\/1"}],"replies":[{"embeddable":true,"href":"https:\/\/association-recherche-enfance-adolescence.org\/index.php\/wp-json\/wp\/v2\/comments?post=265"}],"version-history":[{"count":5,"href":"https:\/\/association-recherche-enfance-adolescence.org\/index.php\/wp-json\/wp\/v2\/posts\/265\/revisions"}],"predecessor-version":[{"id":275,"href":"https:\/\/association-recherche-enfance-adolescence.org\/index.php\/wp-json\/wp\/v2\/posts\/265\/revisions\/275"}],"wp:attachment":[{"href":"https:\/\/association-recherche-enfance-adolescence.org\/index.php\/wp-json\/wp\/v2\/media?parent=265"}],"wp:term":[{"taxonomy":"category","embeddable":true,"href":"https:\/\/association-recherche-enfance-adolescence.org\/index.php\/wp-json\/wp\/v2\/categories?post=265"},{"taxonomy":"post_tag","embeddable":true,"href":"https:\/\/association-recherche-enfance-adolescence.org\/index.php\/wp-json\/wp\/v2\/tags?post=265"}],"curies":[{"name":"wp","href":"https:\/\/api.w.org\/{rel}","templated":true}]}}