{"id":293,"date":"2019-07-02T18:35:19","date_gmt":"2019-07-02T16:35:19","guid":{"rendered":"http:\/\/association-recherche-enfance-adolescence.org\/?p=293"},"modified":"2019-07-02T18:35:22","modified_gmt":"2019-07-02T16:35:22","slug":"dix-septiemes-journees-de-pedopsychiatrie-de-la-federation-francaise-de-psychiatrie","status":"publish","type":"post","link":"https:\/\/association-recherche-enfance-adolescence.org\/index.php\/2019\/07\/02\/dix-septiemes-journees-de-pedopsychiatrie-de-la-federation-francaise-de-psychiatrie\/","title":{"rendered":"DIX-SEPTIEMES JOURN\u00c9ES DE PEDOPSYCHIATRIE de la F\u00e9d\u00e9ration Fran\u00e7aise de Psychiatrie"},"content":{"rendered":"\n<figure class=\"wp-block-image\"><img loading=\"lazy\" decoding=\"async\" width=\"1024\" height=\"724\" src=\"https:\/\/association-recherche-enfance-adolescence.org\/wp-content\/uploads\/2019\/07\/Depliant17rencontresPedopsy2019FFPV4_01-1024x724.jpg\" alt=\"\" class=\"wp-image-296\" srcset=\"https:\/\/association-recherche-enfance-adolescence.org\/wp-content\/uploads\/2019\/07\/Depliant17rencontresPedopsy2019FFPV4_01-1024x724.jpg 1024w, https:\/\/association-recherche-enfance-adolescence.org\/wp-content\/uploads\/2019\/07\/Depliant17rencontresPedopsy2019FFPV4_01-300x212.jpg 300w, https:\/\/association-recherche-enfance-adolescence.org\/wp-content\/uploads\/2019\/07\/Depliant17rencontresPedopsy2019FFPV4_01-768x543.jpg 768w, https:\/\/association-recherche-enfance-adolescence.org\/wp-content\/uploads\/2019\/07\/Depliant17rencontresPedopsy2019FFPV4_01-400x284.jpg 400w, https:\/\/association-recherche-enfance-adolescence.org\/wp-content\/uploads\/2019\/07\/Depliant17rencontresPedopsy2019FFPV4_01-1080x764.jpg 1080w\" sizes=\"auto, (max-width: 1024px) 100vw, 1024px\" \/><\/figure>\n\n\n\n<figure class=\"wp-block-image\"><img loading=\"lazy\" decoding=\"async\" width=\"1024\" height=\"724\" src=\"https:\/\/association-recherche-enfance-adolescence.org\/wp-content\/uploads\/2019\/07\/Depliant17rencontresPedopsy2019FFPV4_02-1024x724.jpg\" alt=\"\" class=\"wp-image-297\" srcset=\"https:\/\/association-recherche-enfance-adolescence.org\/wp-content\/uploads\/2019\/07\/Depliant17rencontresPedopsy2019FFPV4_02-1024x724.jpg 1024w, https:\/\/association-recherche-enfance-adolescence.org\/wp-content\/uploads\/2019\/07\/Depliant17rencontresPedopsy2019FFPV4_02-300x212.jpg 300w, https:\/\/association-recherche-enfance-adolescence.org\/wp-content\/uploads\/2019\/07\/Depliant17rencontresPedopsy2019FFPV4_02-768x543.jpg 768w, https:\/\/association-recherche-enfance-adolescence.org\/wp-content\/uploads\/2019\/07\/Depliant17rencontresPedopsy2019FFPV4_02-400x284.jpg 400w, https:\/\/association-recherche-enfance-adolescence.org\/wp-content\/uploads\/2019\/07\/Depliant17rencontresPedopsy2019FFPV4_02-1080x764.jpg 1080w\" sizes=\"auto, (max-width: 1024px) 100vw, 1024px\" \/><\/figure>\n\n\n\n<figure class=\"wp-block-image\"><img loading=\"lazy\" decoding=\"async\" width=\"1024\" height=\"724\" src=\"https:\/\/association-recherche-enfance-adolescence.org\/wp-content\/uploads\/2019\/07\/Depliant17rencontresPedopsy2019FFPV4_03-1024x724.jpg\" alt=\"\" class=\"wp-image-298\" srcset=\"https:\/\/association-recherche-enfance-adolescence.org\/wp-content\/uploads\/2019\/07\/Depliant17rencontresPedopsy2019FFPV4_03-1024x724.jpg 1024w, https:\/\/association-recherche-enfance-adolescence.org\/wp-content\/uploads\/2019\/07\/Depliant17rencontresPedopsy2019FFPV4_03-300x212.jpg 300w, https:\/\/association-recherche-enfance-adolescence.org\/wp-content\/uploads\/2019\/07\/Depliant17rencontresPedopsy2019FFPV4_03-768x543.jpg 768w, https:\/\/association-recherche-enfance-adolescence.org\/wp-content\/uploads\/2019\/07\/Depliant17rencontresPedopsy2019FFPV4_03-400x284.jpg 400w, https:\/\/association-recherche-enfance-adolescence.org\/wp-content\/uploads\/2019\/07\/Depliant17rencontresPedopsy2019FFPV4_03-1080x764.jpg 1080w\" sizes=\"auto, (max-width: 1024px) 100vw, 1024px\" \/><\/figure>\n\n\n\n<div class=\"wp-block-media-text alignwide\"><figure class=\"wp-block-media-text__media\"><\/figure><div class=\"wp-block-media-text__content\">\n<p style=\"text-align:center\" class=\"has-large-font-size\"><a href=\"https:\/\/fedepsychiatrie.fr\/wp-content\/uploads\/2019\/06\/Depliant17rencontresPedopsy2019FFPV4.pdf\">https:\/\/fedepsychiatrie.fr\/wp-content\/uploads\/2019\/06\/Depliant17rencontresPedopsy2019FFPV4.pdf<\/a><\/p>\n<\/div><\/div>\n","protected":false},"excerpt":{"rendered":"<p>https:\/\/fedepsychiatrie.fr\/wp-content\/uploads\/2019\/06\/Depliant17rencontresPedopsy2019FFPV4.pdf<\/p>\n","protected":false},"author":1,"featured_media":0,"comment_status":"open","ping_status":"open","sticky":false,"template":"","format":"standard","meta":{"_et_pb_use_builder":"off","_et_pb_old_content":"","_et_gb_content_width":"","footnotes":""},"categories":[1],"tags":[8,7],"class_list":["post-293","post","type-post","status-publish","format-standard","hentry","category-non-classe","tag-colloque","tag-pedopsychiatrie"],"yoast_head":"<!-- This site is optimized with the Yoast SEO plugin v18.2 - https:\/\/yoast.com\/wordpress\/plugins\/seo\/ -->\n<title>DIX-SEPTIEMES JOURN\u00c9ES DE PEDOPSYCHIATRIE de la F\u00e9d\u00e9ration Fran\u00e7aise de Psychiatrie - AREA<\/title>\n<meta name=\"robots\" content=\"index, follow, max-snippet:-1, max-image-preview:large, max-video-preview:-1\" \/>\n<link rel=\"canonical\" href=\"https:\/\/association-recherche-enfance-adolescence.org\/index.php\/2019\/07\/02\/dix-septiemes-journees-de-pedopsychiatrie-de-la-federation-francaise-de-psychiatrie\/\" \/>\n<meta property=\"og:locale\" content=\"fr_FR\" \/>\n<meta property=\"og:type\" content=\"article\" \/>\n<meta property=\"og:title\" content=\"DIX-SEPTIEMES JOURN\u00c9ES DE PEDOPSYCHIATRIE de la F\u00e9d\u00e9ration Fran\u00e7aise de Psychiatrie - AREA\" \/>\n<meta property=\"og:description\" content=\"https:\/\/fedepsychiatrie.fr\/wp-content\/uploads\/2019\/06\/Depliant17rencontresPedopsy2019FFPV4.pdf\" \/>\n<meta property=\"og:url\" content=\"https:\/\/association-recherche-enfance-adolescence.org\/index.php\/2019\/07\/02\/dix-septiemes-journees-de-pedopsychiatrie-de-la-federation-francaise-de-psychiatrie\/\" \/>\n<meta property=\"og:site_name\" content=\"AREA\" \/>\n<meta property=\"article:published_time\" content=\"2019-07-02T16:35:19+00:00\" \/>\n<meta property=\"article:modified_time\" content=\"2019-07-02T16:35:22+00:00\" \/>\n<meta property=\"og:image\" content=\"http:\/\/association-recherche-enfance-adolescence.org\/wp-content\/uploads\/2019\/07\/Depliant17rencontresPedopsy2019FFPV4_01-1024x724.jpg\" \/>\n<meta name=\"twitter:card\" content=\"summary_large_image\" \/>\n<meta name=\"twitter:label1\" content=\"\u00c9crit par\" \/>\n\t<meta name=\"twitter:data1\" content=\"vinz\" \/>\n<script type=\"application\/ld+json\" class=\"yoast-schema-graph\">{\"@context\":\"https:\/\/schema.org\",\"@graph\":[{\"@type\":\"Organization\",\"@id\":\"https:\/\/association-recherche-enfance-adolescence.org\/#organization\",\"name\":\"Association pour la Recherche sur l\u2019Enfance et l\u2019Adolescence\",\"url\":\"https:\/\/association-recherche-enfance-adolescence.org\/\",\"sameAs\":[],\"logo\":{\"@type\":\"ImageObject\",\"@id\":\"https:\/\/association-recherche-enfance-adolescence.org\/#logo\",\"inLanguage\":\"fr-FR\",\"url\":\"https:\/\/association-recherche-enfance-adolescence.org\/wp-content\/uploads\/2022\/03\/logo-area-.png\",\"contentUrl\":\"https:\/\/association-recherche-enfance-adolescence.org\/wp-content\/uploads\/2022\/03\/logo-area-.png\",\"width\":400,\"height\":447,\"caption\":\"Association pour la Recherche sur l\u2019Enfance et l\u2019Adolescence\"},\"image\":{\"@id\":\"https:\/\/association-recherche-enfance-adolescence.org\/#logo\"}},{\"@type\":\"WebSite\",\"@id\":\"https:\/\/association-recherche-enfance-adolescence.org\/#website\",\"url\":\"https:\/\/association-recherche-enfance-adolescence.org\/\",\"name\":\"AREA\",\"description\":\"Association de Recherche sur l&#039;Enfance et l&#039;Adolescence\",\"publisher\":{\"@id\":\"https:\/\/association-recherche-enfance-adolescence.org\/#organization\"},\"potentialAction\":[{\"@type\":\"SearchAction\",\"target\":{\"@type\":\"EntryPoint\",\"urlTemplate\":\"https:\/\/association-recherche-enfance-adolescence.org\/?s={search_term_string}\"},\"query-input\":\"required name=search_term_string\"}],\"inLanguage\":\"fr-FR\"},{\"@type\":\"ImageObject\",\"@id\":\"https:\/\/association-recherche-enfance-adolescence.org\/index.php\/2019\/07\/02\/dix-septiemes-journees-de-pedopsychiatrie-de-la-federation-francaise-de-psychiatrie\/#primaryimage\",\"inLanguage\":\"fr-FR\",\"url\":\"http:\/\/association-recherche-enfance-adolescence.org\/wp-content\/uploads\/2019\/07\/Depliant17rencontresPedopsy2019FFPV4_01-1024x724.jpg\",\"contentUrl\":\"http:\/\/association-recherche-enfance-adolescence.org\/wp-content\/uploads\/2019\/07\/Depliant17rencontresPedopsy2019FFPV4_01-1024x724.jpg\"},{\"@type\":\"WebPage\",\"@id\":\"https:\/\/association-recherche-enfance-adolescence.org\/index.php\/2019\/07\/02\/dix-septiemes-journees-de-pedopsychiatrie-de-la-federation-francaise-de-psychiatrie\/#webpage\",\"url\":\"https:\/\/association-recherche-enfance-adolescence.org\/index.php\/2019\/07\/02\/dix-septiemes-journees-de-pedopsychiatrie-de-la-federation-francaise-de-psychiatrie\/\",\"name\":\"DIX-SEPTIEMES JOURN\u00c9ES DE PEDOPSYCHIATRIE de la F\u00e9d\u00e9ration Fran\u00e7aise de Psychiatrie - AREA\",\"isPartOf\":{\"@id\":\"https:\/\/association-recherche-enfance-adolescence.org\/#website\"},\"primaryImageOfPage\":{\"@id\":\"https:\/\/association-recherche-enfance-adolescence.org\/index.php\/2019\/07\/02\/dix-septiemes-journees-de-pedopsychiatrie-de-la-federation-francaise-de-psychiatrie\/#primaryimage\"},\"datePublished\":\"2019-07-02T16:35:19+00:00\",\"dateModified\":\"2019-07-02T16:35:22+00:00\",\"breadcrumb\":{\"@id\":\"https:\/\/association-recherche-enfance-adolescence.org\/index.php\/2019\/07\/02\/dix-septiemes-journees-de-pedopsychiatrie-de-la-federation-francaise-de-psychiatrie\/#breadcrumb\"},\"inLanguage\":\"fr-FR\",\"potentialAction\":[{\"@type\":\"ReadAction\",\"target\":[\"https:\/\/association-recherche-enfance-adolescence.org\/index.php\/2019\/07\/02\/dix-septiemes-journees-de-pedopsychiatrie-de-la-federation-francaise-de-psychiatrie\/\"]}]},{\"@type\":\"BreadcrumbList\",\"@id\":\"https:\/\/association-recherche-enfance-adolescence.org\/index.php\/2019\/07\/02\/dix-septiemes-journees-de-pedopsychiatrie-de-la-federation-francaise-de-psychiatrie\/#breadcrumb\",\"itemListElement\":[{\"@type\":\"ListItem\",\"position\":1,\"name\":\"Accueil\",\"item\":\"https:\/\/association-recherche-enfance-adolescence.org\/\"},{\"@type\":\"ListItem\",\"position\":2,\"name\":\"DIX-SEPTIEMES JOURN\u00c9ES DE PEDOPSYCHIATRIE de la F\u00e9d\u00e9ration Fran\u00e7aise de Psychiatrie\"}]},{\"@type\":\"Article\",\"@id\":\"https:\/\/association-recherche-enfance-adolescence.org\/index.php\/2019\/07\/02\/dix-septiemes-journees-de-pedopsychiatrie-de-la-federation-francaise-de-psychiatrie\/#article\",\"isPartOf\":{\"@id\":\"https:\/\/association-recherche-enfance-adolescence.org\/index.php\/2019\/07\/02\/dix-septiemes-journees-de-pedopsychiatrie-de-la-federation-francaise-de-psychiatrie\/#webpage\"},\"author\":{\"@id\":\"https:\/\/association-recherche-enfance-adolescence.org\/#\/schema\/person\/fbd4fdbaa46fda5229375ce86e3e0009\"},\"headline\":\"DIX-SEPTIEMES JOURN\u00c9ES DE PEDOPSYCHIATRIE de la F\u00e9d\u00e9ration Fran\u00e7aise de Psychiatrie\",\"datePublished\":\"2019-07-02T16:35:19+00:00\",\"dateModified\":\"2019-07-02T16:35:22+00:00\",\"mainEntityOfPage\":{\"@id\":\"https:\/\/association-recherche-enfance-adolescence.org\/index.php\/2019\/07\/02\/dix-septiemes-journees-de-pedopsychiatrie-de-la-federation-francaise-de-psychiatrie\/#webpage\"},\"wordCount\":23,\"commentCount\":0,\"publisher\":{\"@id\":\"https:\/\/association-recherche-enfance-adolescence.org\/#organization\"},\"image\":{\"@id\":\"https:\/\/association-recherche-enfance-adolescence.org\/index.php\/2019\/07\/02\/dix-septiemes-journees-de-pedopsychiatrie-de-la-federation-francaise-de-psychiatrie\/#primaryimage\"},\"thumbnailUrl\":\"http:\/\/association-recherche-enfance-adolescence.org\/wp-content\/uploads\/2019\/07\/Depliant17rencontresPedopsy2019FFPV4_01-1024x724.jpg\",\"keywords\":[\"colloque\",\"pedopsychiatrie\"],\"inLanguage\":\"fr-FR\",\"potentialAction\":[{\"@type\":\"CommentAction\",\"name\":\"Comment\",\"target\":[\"https:\/\/association-recherche-enfance-adolescence.org\/index.php\/2019\/07\/02\/dix-septiemes-journees-de-pedopsychiatrie-de-la-federation-francaise-de-psychiatrie\/#respond\"]}]},{\"@type\":\"Person\",\"@id\":\"https:\/\/association-recherche-enfance-adolescence.org\/#\/schema\/person\/fbd4fdbaa46fda5229375ce86e3e0009\",\"name\":\"vinz\",\"url\":\"https:\/\/association-recherche-enfance-adolescence.org\/index.php\/author\/vinz\/\"}]}<\/script>\n<!-- \/ Yoast SEO plugin. -->","yoast_head_json":{"title":"DIX-SEPTIEMES JOURN\u00c9ES DE PEDOPSYCHIATRIE de la F\u00e9d\u00e9ration Fran\u00e7aise de Psychiatrie - AREA","robots":{"index":"index","follow":"follow","max-snippet":"max-snippet:-1","max-image-preview":"max-image-preview:large","max-video-preview":"max-video-preview:-1"},"canonical":"https:\/\/association-recherche-enfance-adolescence.org\/index.php\/2019\/07\/02\/dix-septiemes-journees-de-pedopsychiatrie-de-la-federation-francaise-de-psychiatrie\/","og_locale":"fr_FR","og_type":"article","og_title":"DIX-SEPTIEMES JOURN\u00c9ES DE PEDOPSYCHIATRIE de la F\u00e9d\u00e9ration Fran\u00e7aise de Psychiatrie - AREA","og_description":"https:\/\/fedepsychiatrie.fr\/wp-content\/uploads\/2019\/06\/Depliant17rencontresPedopsy2019FFPV4.pdf","og_url":"https:\/\/association-recherche-enfance-adolescence.org\/index.php\/2019\/07\/02\/dix-septiemes-journees-de-pedopsychiatrie-de-la-federation-francaise-de-psychiatrie\/","og_site_name":"AREA","article_published_time":"2019-07-02T16:35:19+00:00","article_modified_time":"2019-07-02T16:35:22+00:00","og_image":[{"url":"http:\/\/association-recherche-enfance-adolescence.org\/wp-content\/uploads\/2019\/07\/Depliant17rencontresPedopsy2019FFPV4_01-1024x724.jpg"}],"twitter_card":"summary_large_image","twitter_misc":{"\u00c9crit par":"vinz"},"schema":{"@context":"https:\/\/schema.org","@graph":[{"@type":"Organization","@id":"https:\/\/association-recherche-enfance-adolescence.org\/#organization","name":"Association pour la Recherche sur l\u2019Enfance et l\u2019Adolescence","url":"https:\/\/association-recherche-enfance-adolescence.org\/","sameAs":[],"logo":{"@type":"ImageObject","@id":"https:\/\/association-recherche-enfance-adolescence.org\/#logo","inLanguage":"fr-FR","url":"https:\/\/association-recherche-enfance-adolescence.org\/wp-content\/uploads\/2022\/03\/logo-area-.png","contentUrl":"https:\/\/association-recherche-enfance-adolescence.org\/wp-content\/uploads\/2022\/03\/logo-area-.png","width":400,"height":447,"caption":"Association pour la Recherche sur l\u2019Enfance et l\u2019Adolescence"},"image":{"@id":"https:\/\/association-recherche-enfance-adolescence.org\/#logo"}},{"@type":"WebSite","@id":"https:\/\/association-recherche-enfance-adolescence.org\/#website","url":"https:\/\/association-recherche-enfance-adolescence.org\/","name":"AREA","description":"Association de Recherche sur l&#039;Enfance et l&#039;Adolescence","publisher":{"@id":"https:\/\/association-recherche-enfance-adolescence.org\/#organization"},"potentialAction":[{"@type":"SearchAction","target":{"@type":"EntryPoint","urlTemplate":"https:\/\/association-recherche-enfance-adolescence.org\/?s={search_term_string}"},"query-input":"required name=search_term_string"}],"inLanguage":"fr-FR"},{"@type":"ImageObject","@id":"https:\/\/association-recherche-enfance-adolescence.org\/index.php\/2019\/07\/02\/dix-septiemes-journees-de-pedopsychiatrie-de-la-federation-francaise-de-psychiatrie\/#primaryimage","inLanguage":"fr-FR","url":"http:\/\/association-recherche-enfance-adolescence.org\/wp-content\/uploads\/2019\/07\/Depliant17rencontresPedopsy2019FFPV4_01-1024x724.jpg","contentUrl":"http:\/\/association-recherche-enfance-adolescence.org\/wp-content\/uploads\/2019\/07\/Depliant17rencontresPedopsy2019FFPV4_01-1024x724.jpg"},{"@type":"WebPage","@id":"https:\/\/association-recherche-enfance-adolescence.org\/index.php\/2019\/07\/02\/dix-septiemes-journees-de-pedopsychiatrie-de-la-federation-francaise-de-psychiatrie\/#webpage","url":"https:\/\/association-recherche-enfance-adolescence.org\/index.php\/2019\/07\/02\/dix-septiemes-journees-de-pedopsychiatrie-de-la-federation-francaise-de-psychiatrie\/","name":"DIX-SEPTIEMES JOURN\u00c9ES DE PEDOPSYCHIATRIE de la F\u00e9d\u00e9ration Fran\u00e7aise de Psychiatrie - AREA","isPartOf":{"@id":"https:\/\/association-recherche-enfance-adolescence.org\/#website"},"primaryImageOfPage":{"@id":"https:\/\/association-recherche-enfance-adolescence.org\/index.php\/2019\/07\/02\/dix-septiemes-journees-de-pedopsychiatrie-de-la-federation-francaise-de-psychiatrie\/#primaryimage"},"datePublished":"2019-07-02T16:35:19+00:00","dateModified":"2019-07-02T16:35:22+00:00","breadcrumb":{"@id":"https:\/\/association-recherche-enfance-adolescence.org\/index.php\/2019\/07\/02\/dix-septiemes-journees-de-pedopsychiatrie-de-la-federation-francaise-de-psychiatrie\/#breadcrumb"},"inLanguage":"fr-FR","potentialAction":[{"@type":"ReadAction","target":["https:\/\/association-recherche-enfance-adolescence.org\/index.php\/2019\/07\/02\/dix-septiemes-journees-de-pedopsychiatrie-de-la-federation-francaise-de-psychiatrie\/"]}]},{"@type":"BreadcrumbList","@id":"https:\/\/association-recherche-enfance-adolescence.org\/index.php\/2019\/07\/02\/dix-septiemes-journees-de-pedopsychiatrie-de-la-federation-francaise-de-psychiatrie\/#breadcrumb","itemListElement":[{"@type":"ListItem","position":1,"name":"Accueil","item":"https:\/\/association-recherche-enfance-adolescence.org\/"},{"@type":"ListItem","position":2,"name":"DIX-SEPTIEMES JOURN\u00c9ES DE PEDOPSYCHIATRIE de la F\u00e9d\u00e9ration Fran\u00e7aise de Psychiatrie"}]},{"@type":"Article","@id":"https:\/\/association-recherche-enfance-adolescence.org\/index.php\/2019\/07\/02\/dix-septiemes-journees-de-pedopsychiatrie-de-la-federation-francaise-de-psychiatrie\/#article","isPartOf":{"@id":"https:\/\/association-recherche-enfance-adolescence.org\/index.php\/2019\/07\/02\/dix-septiemes-journees-de-pedopsychiatrie-de-la-federation-francaise-de-psychiatrie\/#webpage"},"author":{"@id":"https:\/\/association-recherche-enfance-adolescence.org\/#\/schema\/person\/fbd4fdbaa46fda5229375ce86e3e0009"},"headline":"DIX-SEPTIEMES JOURN\u00c9ES DE PEDOPSYCHIATRIE de la F\u00e9d\u00e9ration Fran\u00e7aise de Psychiatrie","datePublished":"2019-07-02T16:35:19+00:00","dateModified":"2019-07-02T16:35:22+00:00","mainEntityOfPage":{"@id":"https:\/\/association-recherche-enfance-adolescence.org\/index.php\/2019\/07\/02\/dix-septiemes-journees-de-pedopsychiatrie-de-la-federation-francaise-de-psychiatrie\/#webpage"},"wordCount":23,"commentCount":0,"publisher":{"@id":"https:\/\/association-recherche-enfance-adolescence.org\/#organization"},"image":{"@id":"https:\/\/association-recherche-enfance-adolescence.org\/index.php\/2019\/07\/02\/dix-septiemes-journees-de-pedopsychiatrie-de-la-federation-francaise-de-psychiatrie\/#primaryimage"},"thumbnailUrl":"http:\/\/association-recherche-enfance-adolescence.org\/wp-content\/uploads\/2019\/07\/Depliant17rencontresPedopsy2019FFPV4_01-1024x724.jpg","keywords":["colloque","pedopsychiatrie"],"inLanguage":"fr-FR","potentialAction":[{"@type":"CommentAction","name":"Comment","target":["https:\/\/association-recherche-enfance-adolescence.org\/index.php\/2019\/07\/02\/dix-septiemes-journees-de-pedopsychiatrie-de-la-federation-francaise-de-psychiatrie\/#respond"]}]},{"@type":"Person","@id":"https:\/\/association-recherche-enfance-adolescence.org\/#\/schema\/person\/fbd4fdbaa46fda5229375ce86e3e0009","name":"vinz","url":"https:\/\/association-recherche-enfance-adolescence.org\/index.php\/author\/vinz\/"}]}},"_links":{"self":[{"href":"https:\/\/association-recherche-enfance-adolescence.org\/index.php\/wp-json\/wp\/v2\/posts\/293","targetHints":{"allow":["GET"]}}],"collection":[{"href":"https:\/\/association-recherche-enfance-adolescence.org\/index.php\/wp-json\/wp\/v2\/posts"}],"about":[{"href":"https:\/\/association-recherche-enfance-adolescence.org\/index.php\/wp-json\/wp\/v2\/types\/post"}],"author":[{"embeddable":true,"href":"https:\/\/association-recherche-enfance-adolescence.org\/index.php\/wp-json\/wp\/v2\/users\/1"}],"replies":[{"embeddable":true,"href":"https:\/\/association-recherche-enfance-adolescence.org\/index.php\/wp-json\/wp\/v2\/comments?post=293"}],"version-history":[{"count":3,"href":"https:\/\/association-recherche-enfance-adolescence.org\/index.php\/wp-json\/wp\/v2\/posts\/293\/revisions"}],"predecessor-version":[{"id":299,"href":"https:\/\/association-recherche-enfance-adolescence.org\/index.php\/wp-json\/wp\/v2\/posts\/293\/revisions\/299"}],"wp:attachment":[{"href":"https:\/\/association-recherche-enfance-adolescence.org\/index.php\/wp-json\/wp\/v2\/media?parent=293"}],"wp:term":[{"taxonomy":"category","embeddable":true,"href":"https:\/\/association-recherche-enfance-adolescence.org\/index.php\/wp-json\/wp\/v2\/categories?post=293"},{"taxonomy":"post_tag","embeddable":true,"href":"https:\/\/association-recherche-enfance-adolescence.org\/index.php\/wp-json\/wp\/v2\/tags?post=293"}],"curies":[{"name":"wp","href":"https:\/\/api.w.org\/{rel}","templated":true}]}}