{"id":605,"date":"2022-10-02T12:46:38","date_gmt":"2022-10-02T10:46:38","guid":{"rendered":"http:\/\/association-recherche-enfance-adolescence.org\/?p=605"},"modified":"2024-04-01T16:17:22","modified_gmt":"2024-04-01T14:17:22","slug":"lenfance-mise-au-pas-hors-serie-2","status":"publish","type":"post","link":"https:\/\/association-recherche-enfance-adolescence.org\/index.php\/2022\/10\/02\/lenfance-mise-au-pas-hors-serie-2\/","title":{"rendered":"L&rsquo;enfance mise au pas, Hors S\u00e9rie 2"},"content":{"rendered":"\n[et_pb_section fb_built=\u00a0\u00bb1&Prime; _builder_version=\u00a0\u00bb4.16&Prime; global_colors_info=\u00a0\u00bb{}\u00a0\u00bb][et_pb_row _builder_version=\u00a0\u00bb4.16&Prime; background_size=\u00a0\u00bbinitial\u00a0\u00bb background_position=\u00a0\u00bbtop_left\u00a0\u00bb background_repeat=\u00a0\u00bbrepeat\u00a0\u00bb collapsed=\u00a0\u00bboff\u00a0\u00bb global_colors_info=\u00a0\u00bb{}\u00a0\u00bb][et_pb_column type=\u00a0\u00bb4_4&Prime; _builder_version=\u00a0\u00bb4.16&Prime; custom_padding=\u00a0\u00bb|||\u00a0\u00bb global_colors_info=\u00a0\u00bb{}\u00a0\u00bb custom_padding__hover=\u00a0\u00bb|||\u00a0\u00bb][et_pb_text admin_label=\u00a0\u00bbTexte\u00a0\u00bb _builder_version=\u00a0\u00bb4.16&Prime; text_text_color=\u00a0\u00bb#000000&Prime; text_line_height=\u00a0\u00bb2.5em\u00a0\u00bb background_size=\u00a0\u00bbinitial\u00a0\u00bb background_position=\u00a0\u00bbtop_left\u00a0\u00bb background_repeat=\u00a0\u00bbrepeat\u00a0\u00bb text_orientation_tablet=\u00a0\u00bb\u00a0\u00bb text_orientation_phone=\u00a0\u00bb\u00a0\u00bb text_orientation_last_edited=\u00a0\u00bbon|phone\u00a0\u00bb global_colors_info=\u00a0\u00bb{}\u00a0\u00bb]<p><span style=\"font-size: x-large;\"><\/span><\/p>\n<p><span style=\"font-size: x-large;\"><\/span><\/p>\n<p><span style=\"font-size: x-large;\"><\/span><\/p>\n<p><span style=\"font-size: x-large;\">Soignants, travailleurs sociaux, universitaires, organis\u00e9s en <strong>Groupe Enfance issu du Collectif des 39<\/strong>, se questionnent depuis sept ans sur les soins psychiques apport\u00e9s aux enfants. En France, depuis 2002, une panoplie de lois, de d\u00e9crets, de textes administratifs et r\u00e9glementaires ont compl\u00e8tement modifi\u00e9 le dispositif de sant\u00e9 que nous enviait le monde entier. Au nom d\u2019une soi-disant Science et d\u2019une vraie conception marchande de la sant\u00e9, table rase a \u00e9t\u00e9 faite d\u2019une r\u00e9flexion et d\u2019un savoir centenaires, n\u00e9s sur les d\u00e9combres de la barbarie des guerres mondiales. Ce d\u00e9ni de l\u2019importance de la parole, du langage et de l\u2019histoire de chacun dans le d\u00e9veloppement du \u00ab petit homme \u00bb a impos\u00e9 une conception neuro machinique, r\u00e9gressive, nous ramenant des si\u00e8cles en arri\u00e8re<\/span>.<span><\/span><\/p>\n<p style=\"font-weight: 400;\"><\/p>[\/et_pb_text][et_pb_text _builder_version=\u00a0\u00bb4.16&Prime; _module_preset=\u00a0\u00bbdefault\u00a0\u00bb text_font_size=\u00a0\u00bb23px\u00a0\u00bb text_line_height=\u00a0\u00bb1.9em\u00a0\u00bb text_text_color_tablet=\u00a0\u00bb\u00a0\u00bb text_text_color_phone=\u00a0\u00bb\u00a0\u00bb text_text_color_last_edited=\u00a0\u00bbon|desktop\u00a0\u00bb global_colors_info=\u00a0\u00bb{}\u00a0\u00bb]<p><strong> Sortir de silence, paroles d\u2019enfants<\/strong><br \/><strong> S\u00e9verine Ouaki<\/strong><\/p>\n<p>R\u00e9sum\u00e9 :<br \/>Dans le silence du confinement, les enfants et les adolescents se sont vu imposer des mesures pour prot\u00e9ger la vie. Mais ces mesures de sauvegarde du vivant, qu\u2019ont-elles produit sur les relations humaines\u2009? Au sortir du confinement, les enfants et les adolescents b\u00e2illonn\u00e9s ont cherch\u00e9 \u00e0 dire leur angoisse et quelque chose de l\u2019\u00e9rosion des relations humaines.<br \/>En m\u00eame temps que l\u2019arriv\u00e9e des gestes barri\u00e8res, de la distanciation et des masques, enfants et adolescents perdent le visage et l\u2019exp\u00e9rience d\u2019autrui. Un autrui secourable\u2009?<br \/>Deux ans plus tard, les d\u00e9sespoirs, les d\u00e9pressions, les insomnies, les d\u00e9crochages scolaires, les envies de suicide ont envahi les services de p\u00e9dopsychiatrie.<br \/>Au lendemain du premier confinement, les enfants et les adolescents en murmurant derri\u00e8re leur masque alertaient sur le mal que leur faisait la distanciation sociale, l\u2019angoisse de vivre ne faisait que commencer.<\/p>\n<p>Mots cl\u00e9s : Covid 19 \u2014 masque &#8211; enfant \u2013 adolescent \u2014 angoisse<\/p>\n<p>Abstract:<br \/>In the silence of the lockdown, children and youth were forced to take measures to protect the life. But what have these measures for the protection of life produced on human relations? As they came out of the lockdown, children and teenagers tried to say their anguish and something about the erosion of human relationships.<br \/>With the arrival of barrier gestures, distancing and masks, children and teenagers lose the face and experience of others. Someone else to help?<br \/>Two years later, despair, depression, insomnia, school dropouts, and the urge to commit suicide have invaded child psychiatry services.<br \/>The day after the first lockdown, children and teenagers whispering behind their masks alerted them to the harm of social distancing, the anguish of living had only just begun.<\/p>\n<p>Keywords: Covid 19\u2009\u2013\u2009mask\u2009\u2013\u2009child\u2009\u2013\u2009teen\u2009\u2013\u2009anxiety<\/p>\n<p><strong>P\u00e9dopsychiatre en temps de COVID, j\u2019accuse<\/strong><br \/><strong> Sandrine Deloche<\/strong><\/p>\n<p>R\u00e9sum\u00e9 :<br \/>Face au mal-\u00eatre croissant des plus jeunes r\u00e9v\u00e9l\u00e9 par la crise sanitaire, quelles sont les r\u00e9solutions politiques prenant en compte la complexit\u00e9 des situations et des soins n\u00e9cessaires \u00e0 d\u00e9ployer au risque d\u2019un abandon op\u00e9r\u00e9 \u00e0 tous les \u00e9tages\u2009?<\/p>\n<p>Mots cl\u00e9s : P\u00e9dopsychiatrie. Psychanalyse. Politique de sant\u00e9. Crise sanitaire. Covid 19.<\/p>\n<p>Abstract:<br \/>Faced with the growing malaise of the youngest revealed by the sanitary crisis, what are the political resolutions caring the complexity of the situations and the care necessary to cope with the risk of an abandonment at all levels.<\/p>\n<p>Keywords: child psychiatry. Psychanalysis. Health policy. Sanitary crisis. Covid 19<\/p>\n<p><strong>Une fable sur le refus de l\u2019histoire et le d\u00e9ni de la folie : l\u2019inconscient et le pangolin<\/strong><br \/><strong> Philippe Rassat<\/strong><\/p>\n<p>R\u00e9sum\u00e9 :<br \/>\u00c0 partir d\u2019un comparatif entre la situation sanitaire li\u00e9e au covid et la crise du champ sanitaire et m\u00e9dico-social de la p\u00e9dopsychiatrie en France, l\u2019auteur cherche \u00e0 d\u00e9montrer que le \u00ab\u2009moindre co\u00fbt\u2009\u00bb \u00ab\u2009quoi qu\u2019il en co\u00fbte\u2009\u00bb a pour r\u00e9sultat la fin d\u2019un r\u00e9el soin psychique apporter aux enfants en difficult\u00e9. L\u2019objectif des pouvoirs politiques et financiers \u00e9tant d\u2019\u00e9radiquer l\u2019Inconscient comme le Pangolin.<\/p>\n<p>Mots cl\u00e9s : \u00c9conomie, Inconscient, Langage, Neuro-d\u00e9veloppement, Soin.<\/p>\n<p>Abstract:<br \/>Based on a comparison between the health situation linked to covid and the crisis in the health and medico-social field of child psychiatry in France, the author seeks to demonstrate that the \u2018lowest cost\u2019 \u2018whatever it takes\u2019 results in the end of real psychological care for children in difficulty. The objective of the political and financial powers is to eradicate the Unconscious like the Pangolin.<\/p>\n<p>Keywords: Economy, Unconscious, Language, Neuro-development, Care.<\/p>\n<p><strong>Interlude<\/strong><br \/><strong>Fran\u00e7oise Nielsen<\/strong><\/p>\n<p>R\u00e9sum\u00e9 :<br \/>La crise sanitaire du Covid a instaur\u00e9 des mesures liberticides. L\u2019instrumentalisation politique de la science a impact\u00e9 autant nos valeurs de solidarit\u00e9 qui devraient tisser nos liens sociaux que la construction des tout jeunes enfants en \u00e9vacuant les dimensions affectives, langagi\u00e8res et d\u00e9sirantes qui sont au fondement de notre humanisation.<\/p>\n<p>Mots cl\u00e9s : crise sanitaire, covid 19, mesures liberticides, lien social, humanisation.<\/p>\n<p>Abstract:<br \/>The Covid health crisis has introduced draconian measures. The political instrumentalization of science has impacted both our values of solidarity, which should build our social ties, and the construction of very young children by eliminating the affective, linguistic and desiring dimensions which are the basis of our humanization.<\/p>\n<p>Keywords: Health crisis, covid 19, liberticidal mesures, social link, humanization.<\/p>\n<p><strong>S\u2019agirait-il de r\u00e9humaniser\u2009?<\/strong><br \/><strong>Anne Perret<\/strong><\/p>\n<p>R\u00e9sum\u00e9 :<br \/>Il s\u2019agit, dans ce texte, de nommer les effets de d\u00e9shumanisation du mode de traitement de la pand\u00e9mie au Covid 19 et de montrer comment ceci ne fait que poursuivre le d\u00e9mant\u00e8lement du travail de civilisation dans les institutions.<\/p>\n<p>Mots cl\u00e9s : masque, visage, pand\u00e9mie, d\u00e9shumanisation, institution<\/p>\n<p>Abstract:<br \/>The purpose of this text is to name the dehumanizing effects of the way the pandemic is handled at Covid 19 and to show how this only continues the dismantling of the work of civilization in the institutions.<\/p>\n<p>Keywords: mask, face, pandemic, dehumanization, institution<\/p>\n<p>La psychologie du d\u00e9veloppement sous influence<br \/>Simon Dubois<\/p>\n<p>R\u00e9sum\u00e9 :<br \/>Apr\u00e8s avoir bri\u00e8vement rappel\u00e9 les premi\u00e8res influences de cette discipline universitaire, nous verrons comment elle s\u2019est d\u00e9tach\u00e9e de son ancrage au sein des sciences humaines, et s\u2019est ainsi priv\u00e9e de r\u00e9flexions th\u00e9oriques et p\u00e9dagogiques. Nous faisons l\u2019hypoth\u00e8se que les r\u00e9formes r\u00e9centes de l\u2019universit\u00e9 et la gestion de la crise sanitaire COVID 19 ont aggrav\u00e9 cette d\u00e9rive. Nous poserons la question des outils conceptuels n\u00e9cessaires \u00e0 la formation des psychologues du d\u00e9veloppement, qui devrait permettre d\u2019accompagner, de fa\u00e7on professionnelle, plurielle et humaine, les d\u00e9veloppements psychocognitifs \u2014 socioaffectifs et leurs al\u00e9as.<\/p>\n<p>Mots cl\u00e9s : Psychologie, D\u00e9veloppement, Sciences humaines, Formation, Psychologue<\/p>\n<p>Abstract:<br \/>After briefly a brief summary of the early influences of this academic discipline, we will document how it drifted away from its funations within the social sciences (humanities), thus depriving itself of precious theoretical and educational insights. We hypothesize that recent university reforms and the management of the COVID 19 health crisis have compounded the drift. We will try to find conceptual tools necessary to educate developmental psychologists, which should make it possible to accompany, in a professional, plural and human way, psycho-cognitive-socio-emotional developments and their hazards.<br \/>Keywords: Psychology, Development, Humanities, Education, Psychologist<\/p>\n<p><strong>Les troubles du qu\u2019on-porte-ment<\/strong><br \/><strong>Xavier Gassmann<\/strong><\/p>\n<p>R\u00e9sum\u00e9 :<br \/>R\u00e9duire l\u2019enfant \u00e0 un comportement est ce qui domine aujourd\u2019hui dans la nosographie et cela revient \u00e0 le priver d\u2019une inscription dans une r\u00e9f\u00e9rence \u00e0 l\u2019Autre. Devant ce d\u00e9faut dans la r\u00e9ception, l\u2019enfant est toujours plus renvoy\u00e9 \u00e0 une d\u00e9responsabilisation de son environnement et \u00e0 un autor\u00e9f\u00e9rencement.<br \/>Mots cl\u00e9s : comportement, d\u00e9responsabilisation, inceste, transmission<\/p>\n<p>Abstract:<br \/>To reduce the child to a behavior is what dominates today in nosography and this amounts to depriving him of an inscription in a reference to the Other. In front of this defect in reception the child is always referred to a desensitization of his environment and to a self-referencing.<\/p>\n<p>Keywords: behaviour, disempowerment, incest, transmission<\/p>\n<p><strong>Au c\u0153ur de la pratique : se retrouver<\/strong><br \/><strong>Micka\u00ebl Paszt<\/strong><\/p>\n<p>R\u00e9sum\u00e9 :<br \/>Les temps ont \u00e9t\u00e9 durs \u00e0 l\u2019heure de la crise sanitaire entre confinement et d\u00e9confinement. Comment continuer \u00e0 \u00eatre en lien avec les familles\u2009? Comment les inviter \u00e0 revenir au Centre M\u00e9dico-Psycho-P\u00e9dagogique\u2009? Comment se rencontrer \u00e0 nouveau\u2009? Allons-nous promener pour renouer.<\/p>\n<p>Mots cl\u00e9s : Th\u00e9rapie d\u2019enfants \u2014 Confinement \u2014 Soins psychiques hors les murs.<\/p>\n<p>Abstract:<br \/>Times have been tough during the health crisis with lockdowns and coming out of them. How can we keep in touch with families? How can we invite them back to the Psychological Medical Center? How can we meet again? Let\u2019s go for a walk to reconnect.<br \/>Keywords: Children\u2019s therapy\u2009\u2013\u2009Lockdown\u2009\u2013\u2009Psychic care off the walls.<\/p>\n<p><strong>D\u00e9confiner l\u2019enfance\u2009? Les nouveaux items \u00e0 l\u2019\u00e9cole maternelle<\/strong><br \/><strong>Liliane Irzenski<\/strong><\/p>\n<p>R\u00e9sum\u00e9 :<br \/>\u00c0 partir des nouveaux items mis en place par le Conseil sup\u00e9rieur des Programmes en d\u00e9cembre 2020, pour les enfants de 3 \u00e0 6 ans, nous retraverserons les savoirs p\u00e9dagogiques, engrang\u00e9s depuis plus d\u2019un si\u00e8cle, qui participent \u00e0 l\u2019\u00e9panouissement des enfants et soulignerons l\u2019intelligence politique de ces \u00e9ducateurs innovants engag\u00e9s par ailleurs pour participer \u00e0 la construction d\u2019un bien commun, d\u2019un v\u00e9ritable projet d\u00e9mocratique.<\/p>\n<p>Mots cl\u00e9s : Items, enfants en classe de maternelle, \u00e9cole \u00ab\u2009de la confiance\u2009\u00bb, p\u00e9dagogies nouvelles, soci\u00e9t\u00e9<\/p>\n<p>Abstract:<br \/>Based on the new items set up by the Conseil sup\u00e9rieur des Programmes in December 2020, for children aged 3 to 6, we will go back over the pedagogical knowledge, built up over more than a century, which contributes to the blossoming of children and underline the political intelligence of its innovative educators committed to participate in the construction of a common good, a true democratic project.<\/p>\n<p>Keywords: evaluation, nursery school, school of \u2018trust\u2019, pedagogy, society<\/p>\n<p><strong>Nous d\u00e9peupler c\u2019est non\u2009!<\/strong><br \/><strong>Ad\u00e8le Monod<\/strong><\/p>\n<p>R\u00e9sum\u00e9 :<br \/>Le t\u00e9l\u00e9travail partout et pour tous s\u2019\u00e9tend jusqu\u2019au c\u0153ur des universit\u00e9s. Sur ordre politique, la supr\u00e9matie num\u00e9rique amplifie un mal \u00eatre sans pr\u00e9c\u00e9dent d\u2019une jeunesse emmur\u00e9e. Jusqu\u2019o\u00f9 accepter de la savoir souffrir de se \u00ab\u2009vivre d\u00e9peupl\u00e9e\u2009\u00bb\u2009?<\/p>\n<p>Mots cl\u00e9s : T\u00e9l\u00e9travail. Crise sanitaire. Jeunesse. Soin psychique. Covid 19.<\/p>\n<p>Abstract:<br \/>Teleworking everywhere and for everyone extends to the heart of universities.<br \/>On a political level, digital supremacy amplifies an unprecedented malaise of a walled-in youth: How far can we accept knowing that they suffer from this depopulated life?<\/p>\n<p>Keywords: Teleworking. Sanitary crisis. Younth. Covid 19.<\/p>\n<p><strong>\u00ab\u2009Troubles du neuro-d\u00e9veloppement\u2009\u00bb chez l\u2019enfant<\/strong><br \/><strong>Martin Pavelka<\/strong><\/p>\n<p>R\u00e9sum\u00e9 :<br \/>Les Troubles du neuro-d\u00e9veloppement entrent dans la Classification internationale des maladies. \u00c0 partir de la d\u00e9finition du d\u00e9veloppement neural, la validit\u00e9 s\u00e9mantique et scientifique de cette cat\u00e9gorie diagnostique est remise en question. L\u2019histoire de l\u2019accent mis sur le substrat neuronal des ph\u00e9nom\u00e8nes psychopathologiques est rappel\u00e9e. Le contexte du surgissement de cette cat\u00e9gorie est explor\u00e9 : les \u00ab\u2009luttes\u2009\u00bb scientifiques, les probl\u00e9matiques \u00e9conomiques, politiques et de marketing. Cela d\u00e9peint la gestation d\u2019une vision corrompue de l\u2019homme et de l\u2019enfant.<\/p>\n<p>Mots cl\u00e9s : causalit\u00e9, marketing, neuroscience, neuro-d\u00e9veloppement, psychopathologie.<\/p>\n<p>Abstrac:<br \/>Neurodevelopmental disorders are included in the International Classification of Diseases.<br \/>Based on the definition of neural development, the semantic and scientific validity of this diagnostic category is questioned. The history of the emphasis on the neural substrate of psychopathological phenomena is recalled. The context of the emergence of this category is explored: scientific \u2018struggles\u2019, economic, political and marketing issues. It depicts the gestation of a corrupted vision of man and child.<\/p>\n<p>Keywords: causality, marketing, neuro-science, neuro-development, psychopathology.<\/p>\n<p><strong>La petite Arap\u00e8de<\/strong><br \/><strong>Liliane Irzensk<\/strong>i<\/p>\n<p>R\u00e9sum\u00e9 :<br \/>Histoire de la petite arap\u00e8de qui voulait devenir bip\u00e8de.<br \/>Histoire qui voudrait \u00e9voquer comment un ou une enfant, de par son immaturit\u00e9 de naissance est d\u2019embl\u00e9e ali\u00e9n\u00e9(e) par les identifications \u00e0 ceux qui pourvoient \u00e0 sa survie et combien ce n\u2019est que par l\u2019entendement d\u2019un tiers qui soutient son d\u00e9sir singulier qu\u2019il ou qu\u2019elle aura acc\u00e8s \u00e0 sa division subjective, sa conflictualit\u00e9 int\u00e9rieure pour se sortir d\u2019une assignation \u00e0 r\u00e9sidence en devenant autre.<\/p>\n<p>Mots cl\u00e9s : conte, ali\u00e9nation, identification, tiers, division subjective<\/p>\n<p>Abstract:<br \/>A story that would like to evoke how a child, because of his or her immaturity at birth, is immediately alienated by the identifications with those who provide for his or her survival and how it is only through the understanding of a third party who supports his or her singular desire that he or she will have access to his or her subjective division, his or her inner conflictuality, in order to get out of a house arrest by becoming other.<\/p>\n<p>Keywords: tale, alienation, identification, third party, subjective division<\/p>\n<p><strong>L\u2019enfant et la ville fonctionnaliste : le jeu comme espace de r\u00e9sistance<\/strong><br \/><strong>Aur\u00e9lien Vernant<\/strong><\/p>\n<p>R\u00e9sum\u00e9 :<br \/>L\u2019am\u00e9nagement du territoire est marqu\u00e9 au 20e si\u00e8cle par une r\u00e9glementation et une standardisation croissantes de l\u2019exp\u00e9rience spatiale. En \u00e9vacuant la vacance et le terrain vague (royaumes privil\u00e9gi\u00e9s de l\u2019enfance) de l\u2019espace public, les plans d\u2019am\u00e9nagement fixent le jeu et l\u2019imaginaire dans des espaces et des usages circonscrits.<br \/>Apr\u00e8s la Guerre, l\u2019enfant devient l\u2019embl\u00e8me d\u2019une revendication anti-fonctionnaliste de l\u2019exp\u00e9rience urbaine. Partout en Europe, de jeunes architectes con\u00e7oivent des aires de jeux comme autant de terrains d\u2019aventures, cultivant la complexit\u00e9, le go\u00fbt du risque et l\u2019interaction sociale, pour y forger une autonomie.<br \/>Le triomphe d\u2019une soci\u00e9t\u00e9 r\u00e9gent\u00e9e par des imp\u00e9ratifs \u00e9conomiques adoss\u00e9s \u00e0 des principes de pr\u00e9caution et des normes de s\u00e9curit\u00e9 toujours plus drastiques a r\u00e9duit au fil du temps la place de l\u2019exp\u00e9rimentation tandis que s\u2019imposait la figure d\u2019un enfant \u00ab\u2009consommateur\u2009\u00bb, plut\u00f4t que \u00ab\u2009joueur\u2009\u00bb.<\/p>\n<p>Mots cl\u00e9s : Enfance, jeu, aire de jeu, terrain d\u2019aventure, risques\u2009;<\/p>\n<p>Abstract:<br \/>Spatial planning is marked in the 20th century by a progressive regulation and standardization of the spatial experience. By evacuating vacancy and wasteland (privileged realms of childhood) from the public space, the development plans fix the game and the imagination in circumscribed spaces and uses.<br \/>After the war, the child became the emblem of a social and anti-functionalist claim to urban experience. All over Europe, young architects are designing playgrounds as adventure spaces, cultivating complexity, a taste for risk and social interaction, to forge autonomy.<br \/>The triumph of a society ruled by economic imperatives backed by precautionary principles and ever more drastic safety standards has over time reduced the place of experimentation while the figure of a child \u2018consumer\u2019, rather than \u2018player\u2019.<\/p>\n<p>Keywords: Childhood, play, playground, adventure field, risks<\/p>\n<p><strong>Qu\u2019appelle-t-on vivre\u2009?<\/strong><br \/><strong>Liliane Irzenski<\/strong><\/p>\n<p>R\u00e9sum\u00e9 :<br \/>\u00c0 quoi r\u00e9f\u00e9rer l\u2019ampleur de cette attaque actuelle de notre vie psychique\u2009?<br \/>Quand il s\u2019agit de prendre soin des enfants ou de l\u2019enfance de l\u2019humanit\u00e9, nous visiterons ce qui concoure \u00e0 cette fabrique d\u2019\u00eatres humains \u00ab\u2009machin\u00e9s\u2009\u00bb par les dogmes lib\u00e9raux, ce jargon \u00e9conomique, cette gestion technocratique, l\u2019utilisation effr\u00e9n\u00e9e des outils num\u00e9riques, la virtualisation du monde, le d\u00e9voiement du langage, pour souligner ou rappeler ce que parler veut dire.<\/p>\n<p>Mots cl\u00e9s : humanisation, langage, dogmes lib\u00e9raux, gestion technocratique, fonction de parole.<\/p>\n<p>Abstract:<br \/>To what do we refer the extent of this current attack on our psychic life?<br \/>When it comes to taking care of children or the childhood of humanity, we will visit what contributes to this factory of human beings \u2018machined\u2019 by liberal dogmas, this economic jargon, this technocratic management, the unbridled use of digital tools, the virtualisation of the world, the deviation of language, to underline or remind us what speaking means.<\/p>\n<p>Keywords: humanization, language, liberal dogmas, technocratic management, function of the word.<\/p>[\/et_pb_text][\/et_pb_column][\/et_pb_row][\/et_pb_section]\n","protected":false},"excerpt":{"rendered":"<p>Soignants, travailleurs sociaux, universitaires, organis\u00e9s en Groupe Enfance issu du Collectif des 39, se questionnent depuis sept ans sur les soins psychiques apport\u00e9s aux enfants. En France, depuis 2002, une panoplie de lois, de d\u00e9crets, de textes administratifs et r\u00e9glementaires ont compl\u00e8tement modifi\u00e9 le dispositif de sant\u00e9 que nous enviait le monde entier. Au nom [&hellip;]<\/p>\n","protected":false},"author":1,"featured_media":1073,"comment_status":"open","ping_status":"open","sticky":false,"template":"","format":"standard","meta":{"_et_pb_use_builder":"on","_et_pb_old_content":"","_et_gb_content_width":"","footnotes":""},"categories":[1],"tags":[],"class_list":["post-605","post","type-post","status-publish","format-standard","has-post-thumbnail","hentry","category-non-classe"],"yoast_head":"<!-- This site is optimized with the Yoast SEO plugin v18.2 - https:\/\/yoast.com\/wordpress\/plugins\/seo\/ -->\n<title>L&#039;enfance mise au pas, Hors S\u00e9rie 2 - AREA<\/title>\n<meta name=\"robots\" content=\"index, follow, max-snippet:-1, max-image-preview:large, max-video-preview:-1\" \/>\n<link rel=\"canonical\" href=\"https:\/\/association-recherche-enfance-adolescence.org\/index.php\/2022\/10\/02\/lenfance-mise-au-pas-hors-serie-2\/\" \/>\n<meta property=\"og:locale\" content=\"fr_FR\" \/>\n<meta property=\"og:type\" content=\"article\" \/>\n<meta property=\"og:title\" content=\"L&#039;enfance mise au pas, Hors S\u00e9rie 2 - AREA\" \/>\n<meta property=\"og:description\" content=\"Soignants, travailleurs sociaux, universitaires, organis\u00e9s en Groupe Enfance issu du Collectif des 39, se questionnent depuis sept ans sur les soins psychiques apport\u00e9s aux enfants. En France, depuis 2002, une panoplie de lois, de d\u00e9crets, de textes administratifs et r\u00e9glementaires ont compl\u00e8tement modifi\u00e9 le dispositif de sant\u00e9 que nous enviait le monde entier. Au nom [&hellip;]\" \/>\n<meta property=\"og:url\" content=\"https:\/\/association-recherche-enfance-adolescence.org\/index.php\/2022\/10\/02\/lenfance-mise-au-pas-hors-serie-2\/\" \/>\n<meta property=\"og:site_name\" content=\"AREA\" \/>\n<meta property=\"article:published_time\" content=\"2022-10-02T10:46:38+00:00\" \/>\n<meta property=\"article:modified_time\" content=\"2024-04-01T14:17:22+00:00\" \/>\n<meta property=\"og:image\" content=\"https:\/\/association-recherche-enfance-adolescence.org\/wp-content\/uploads\/2024\/04\/NREAHS2-blog.png\" \/>\n\t<meta property=\"og:image:width\" content=\"2560\" \/>\n\t<meta property=\"og:image:height\" content=\"1337\" \/>\n\t<meta property=\"og:image:type\" content=\"image\/png\" \/>\n<meta name=\"twitter:card\" content=\"summary_large_image\" \/>\n<meta name=\"twitter:label1\" content=\"\u00c9crit par\" \/>\n\t<meta name=\"twitter:data1\" content=\"vinz\" \/>\n\t<meta name=\"twitter:label2\" content=\"Dur\u00e9e de lecture estim\u00e9e\" \/>\n\t<meta name=\"twitter:data2\" content=\"13 minutes\" \/>\n<script type=\"application\/ld+json\" class=\"yoast-schema-graph\">{\"@context\":\"https:\/\/schema.org\",\"@graph\":[{\"@type\":\"Organization\",\"@id\":\"https:\/\/association-recherche-enfance-adolescence.org\/#organization\",\"name\":\"Association pour la Recherche sur l\u2019Enfance et l\u2019Adolescence\",\"url\":\"https:\/\/association-recherche-enfance-adolescence.org\/\",\"sameAs\":[],\"logo\":{\"@type\":\"ImageObject\",\"@id\":\"https:\/\/association-recherche-enfance-adolescence.org\/#logo\",\"inLanguage\":\"fr-FR\",\"url\":\"https:\/\/association-recherche-enfance-adolescence.org\/wp-content\/uploads\/2022\/03\/logo-area-.png\",\"contentUrl\":\"https:\/\/association-recherche-enfance-adolescence.org\/wp-content\/uploads\/2022\/03\/logo-area-.png\",\"width\":400,\"height\":447,\"caption\":\"Association pour la Recherche sur l\u2019Enfance et l\u2019Adolescence\"},\"image\":{\"@id\":\"https:\/\/association-recherche-enfance-adolescence.org\/#logo\"}},{\"@type\":\"WebSite\",\"@id\":\"https:\/\/association-recherche-enfance-adolescence.org\/#website\",\"url\":\"https:\/\/association-recherche-enfance-adolescence.org\/\",\"name\":\"AREA\",\"description\":\"Association de Recherche sur l&#039;Enfance et l&#039;Adolescence\",\"publisher\":{\"@id\":\"https:\/\/association-recherche-enfance-adolescence.org\/#organization\"},\"potentialAction\":[{\"@type\":\"SearchAction\",\"target\":{\"@type\":\"EntryPoint\",\"urlTemplate\":\"https:\/\/association-recherche-enfance-adolescence.org\/?s={search_term_string}\"},\"query-input\":\"required name=search_term_string\"}],\"inLanguage\":\"fr-FR\"},{\"@type\":\"ImageObject\",\"@id\":\"https:\/\/association-recherche-enfance-adolescence.org\/index.php\/2022\/10\/02\/lenfance-mise-au-pas-hors-serie-2\/#primaryimage\",\"inLanguage\":\"fr-FR\",\"url\":\"https:\/\/association-recherche-enfance-adolescence.org\/wp-content\/uploads\/2024\/04\/NREAHS2-blog.png\",\"contentUrl\":\"https:\/\/association-recherche-enfance-adolescence.org\/wp-content\/uploads\/2024\/04\/NREAHS2-blog.png\",\"width\":2560,\"height\":1337},{\"@type\":\"WebPage\",\"@id\":\"https:\/\/association-recherche-enfance-adolescence.org\/index.php\/2022\/10\/02\/lenfance-mise-au-pas-hors-serie-2\/#webpage\",\"url\":\"https:\/\/association-recherche-enfance-adolescence.org\/index.php\/2022\/10\/02\/lenfance-mise-au-pas-hors-serie-2\/\",\"name\":\"L'enfance mise au pas, Hors S\u00e9rie 2 - AREA\",\"isPartOf\":{\"@id\":\"https:\/\/association-recherche-enfance-adolescence.org\/#website\"},\"primaryImageOfPage\":{\"@id\":\"https:\/\/association-recherche-enfance-adolescence.org\/index.php\/2022\/10\/02\/lenfance-mise-au-pas-hors-serie-2\/#primaryimage\"},\"datePublished\":\"2022-10-02T10:46:38+00:00\",\"dateModified\":\"2024-04-01T14:17:22+00:00\",\"breadcrumb\":{\"@id\":\"https:\/\/association-recherche-enfance-adolescence.org\/index.php\/2022\/10\/02\/lenfance-mise-au-pas-hors-serie-2\/#breadcrumb\"},\"inLanguage\":\"fr-FR\",\"potentialAction\":[{\"@type\":\"ReadAction\",\"target\":[\"https:\/\/association-recherche-enfance-adolescence.org\/index.php\/2022\/10\/02\/lenfance-mise-au-pas-hors-serie-2\/\"]}]},{\"@type\":\"BreadcrumbList\",\"@id\":\"https:\/\/association-recherche-enfance-adolescence.org\/index.php\/2022\/10\/02\/lenfance-mise-au-pas-hors-serie-2\/#breadcrumb\",\"itemListElement\":[{\"@type\":\"ListItem\",\"position\":1,\"name\":\"Accueil\",\"item\":\"https:\/\/association-recherche-enfance-adolescence.org\/\"},{\"@type\":\"ListItem\",\"position\":2,\"name\":\"L&rsquo;enfance mise au pas, Hors S\u00e9rie 2\"}]},{\"@type\":\"Article\",\"@id\":\"https:\/\/association-recherche-enfance-adolescence.org\/index.php\/2022\/10\/02\/lenfance-mise-au-pas-hors-serie-2\/#article\",\"isPartOf\":{\"@id\":\"https:\/\/association-recherche-enfance-adolescence.org\/index.php\/2022\/10\/02\/lenfance-mise-au-pas-hors-serie-2\/#webpage\"},\"author\":{\"@id\":\"https:\/\/association-recherche-enfance-adolescence.org\/#\/schema\/person\/fbd4fdbaa46fda5229375ce86e3e0009\"},\"headline\":\"L&rsquo;enfance mise au pas, Hors S\u00e9rie 2\",\"datePublished\":\"2022-10-02T10:46:38+00:00\",\"dateModified\":\"2024-04-01T14:17:22+00:00\",\"mainEntityOfPage\":{\"@id\":\"https:\/\/association-recherche-enfance-adolescence.org\/index.php\/2022\/10\/02\/lenfance-mise-au-pas-hors-serie-2\/#webpage\"},\"wordCount\":2780,\"commentCount\":0,\"publisher\":{\"@id\":\"https:\/\/association-recherche-enfance-adolescence.org\/#organization\"},\"image\":{\"@id\":\"https:\/\/association-recherche-enfance-adolescence.org\/index.php\/2022\/10\/02\/lenfance-mise-au-pas-hors-serie-2\/#primaryimage\"},\"thumbnailUrl\":\"https:\/\/association-recherche-enfance-adolescence.org\/wp-content\/uploads\/2024\/04\/NREAHS2-blog.png\",\"inLanguage\":\"fr-FR\",\"potentialAction\":[{\"@type\":\"CommentAction\",\"name\":\"Comment\",\"target\":[\"https:\/\/association-recherche-enfance-adolescence.org\/index.php\/2022\/10\/02\/lenfance-mise-au-pas-hors-serie-2\/#respond\"]}]},{\"@type\":\"Person\",\"@id\":\"https:\/\/association-recherche-enfance-adolescence.org\/#\/schema\/person\/fbd4fdbaa46fda5229375ce86e3e0009\",\"name\":\"vinz\",\"url\":\"https:\/\/association-recherche-enfance-adolescence.org\/index.php\/author\/vinz\/\"}]}<\/script>\n<!-- \/ Yoast SEO plugin. -->","yoast_head_json":{"title":"L'enfance mise au pas, Hors S\u00e9rie 2 - AREA","robots":{"index":"index","follow":"follow","max-snippet":"max-snippet:-1","max-image-preview":"max-image-preview:large","max-video-preview":"max-video-preview:-1"},"canonical":"https:\/\/association-recherche-enfance-adolescence.org\/index.php\/2022\/10\/02\/lenfance-mise-au-pas-hors-serie-2\/","og_locale":"fr_FR","og_type":"article","og_title":"L'enfance mise au pas, Hors S\u00e9rie 2 - AREA","og_description":"Soignants, travailleurs sociaux, universitaires, organis\u00e9s en Groupe Enfance issu du Collectif des 39, se questionnent depuis sept ans sur les soins psychiques apport\u00e9s aux enfants. En France, depuis 2002, une panoplie de lois, de d\u00e9crets, de textes administratifs et r\u00e9glementaires ont compl\u00e8tement modifi\u00e9 le dispositif de sant\u00e9 que nous enviait le monde entier. Au nom [&hellip;]","og_url":"https:\/\/association-recherche-enfance-adolescence.org\/index.php\/2022\/10\/02\/lenfance-mise-au-pas-hors-serie-2\/","og_site_name":"AREA","article_published_time":"2022-10-02T10:46:38+00:00","article_modified_time":"2024-04-01T14:17:22+00:00","og_image":[{"width":2560,"height":1337,"url":"https:\/\/association-recherche-enfance-adolescence.org\/wp-content\/uploads\/2024\/04\/NREAHS2-blog.png","type":"image\/png"}],"twitter_card":"summary_large_image","twitter_misc":{"\u00c9crit par":"vinz","Dur\u00e9e de lecture estim\u00e9e":"13 minutes"},"schema":{"@context":"https:\/\/schema.org","@graph":[{"@type":"Organization","@id":"https:\/\/association-recherche-enfance-adolescence.org\/#organization","name":"Association pour la Recherche sur l\u2019Enfance et l\u2019Adolescence","url":"https:\/\/association-recherche-enfance-adolescence.org\/","sameAs":[],"logo":{"@type":"ImageObject","@id":"https:\/\/association-recherche-enfance-adolescence.org\/#logo","inLanguage":"fr-FR","url":"https:\/\/association-recherche-enfance-adolescence.org\/wp-content\/uploads\/2022\/03\/logo-area-.png","contentUrl":"https:\/\/association-recherche-enfance-adolescence.org\/wp-content\/uploads\/2022\/03\/logo-area-.png","width":400,"height":447,"caption":"Association pour la Recherche sur l\u2019Enfance et l\u2019Adolescence"},"image":{"@id":"https:\/\/association-recherche-enfance-adolescence.org\/#logo"}},{"@type":"WebSite","@id":"https:\/\/association-recherche-enfance-adolescence.org\/#website","url":"https:\/\/association-recherche-enfance-adolescence.org\/","name":"AREA","description":"Association de Recherche sur l&#039;Enfance et l&#039;Adolescence","publisher":{"@id":"https:\/\/association-recherche-enfance-adolescence.org\/#organization"},"potentialAction":[{"@type":"SearchAction","target":{"@type":"EntryPoint","urlTemplate":"https:\/\/association-recherche-enfance-adolescence.org\/?s={search_term_string}"},"query-input":"required name=search_term_string"}],"inLanguage":"fr-FR"},{"@type":"ImageObject","@id":"https:\/\/association-recherche-enfance-adolescence.org\/index.php\/2022\/10\/02\/lenfance-mise-au-pas-hors-serie-2\/#primaryimage","inLanguage":"fr-FR","url":"https:\/\/association-recherche-enfance-adolescence.org\/wp-content\/uploads\/2024\/04\/NREAHS2-blog.png","contentUrl":"https:\/\/association-recherche-enfance-adolescence.org\/wp-content\/uploads\/2024\/04\/NREAHS2-blog.png","width":2560,"height":1337},{"@type":"WebPage","@id":"https:\/\/association-recherche-enfance-adolescence.org\/index.php\/2022\/10\/02\/lenfance-mise-au-pas-hors-serie-2\/#webpage","url":"https:\/\/association-recherche-enfance-adolescence.org\/index.php\/2022\/10\/02\/lenfance-mise-au-pas-hors-serie-2\/","name":"L'enfance mise au pas, Hors S\u00e9rie 2 - AREA","isPartOf":{"@id":"https:\/\/association-recherche-enfance-adolescence.org\/#website"},"primaryImageOfPage":{"@id":"https:\/\/association-recherche-enfance-adolescence.org\/index.php\/2022\/10\/02\/lenfance-mise-au-pas-hors-serie-2\/#primaryimage"},"datePublished":"2022-10-02T10:46:38+00:00","dateModified":"2024-04-01T14:17:22+00:00","breadcrumb":{"@id":"https:\/\/association-recherche-enfance-adolescence.org\/index.php\/2022\/10\/02\/lenfance-mise-au-pas-hors-serie-2\/#breadcrumb"},"inLanguage":"fr-FR","potentialAction":[{"@type":"ReadAction","target":["https:\/\/association-recherche-enfance-adolescence.org\/index.php\/2022\/10\/02\/lenfance-mise-au-pas-hors-serie-2\/"]}]},{"@type":"BreadcrumbList","@id":"https:\/\/association-recherche-enfance-adolescence.org\/index.php\/2022\/10\/02\/lenfance-mise-au-pas-hors-serie-2\/#breadcrumb","itemListElement":[{"@type":"ListItem","position":1,"name":"Accueil","item":"https:\/\/association-recherche-enfance-adolescence.org\/"},{"@type":"ListItem","position":2,"name":"L&rsquo;enfance mise au pas, Hors S\u00e9rie 2"}]},{"@type":"Article","@id":"https:\/\/association-recherche-enfance-adolescence.org\/index.php\/2022\/10\/02\/lenfance-mise-au-pas-hors-serie-2\/#article","isPartOf":{"@id":"https:\/\/association-recherche-enfance-adolescence.org\/index.php\/2022\/10\/02\/lenfance-mise-au-pas-hors-serie-2\/#webpage"},"author":{"@id":"https:\/\/association-recherche-enfance-adolescence.org\/#\/schema\/person\/fbd4fdbaa46fda5229375ce86e3e0009"},"headline":"L&rsquo;enfance mise au pas, Hors S\u00e9rie 2","datePublished":"2022-10-02T10:46:38+00:00","dateModified":"2024-04-01T14:17:22+00:00","mainEntityOfPage":{"@id":"https:\/\/association-recherche-enfance-adolescence.org\/index.php\/2022\/10\/02\/lenfance-mise-au-pas-hors-serie-2\/#webpage"},"wordCount":2780,"commentCount":0,"publisher":{"@id":"https:\/\/association-recherche-enfance-adolescence.org\/#organization"},"image":{"@id":"https:\/\/association-recherche-enfance-adolescence.org\/index.php\/2022\/10\/02\/lenfance-mise-au-pas-hors-serie-2\/#primaryimage"},"thumbnailUrl":"https:\/\/association-recherche-enfance-adolescence.org\/wp-content\/uploads\/2024\/04\/NREAHS2-blog.png","inLanguage":"fr-FR","potentialAction":[{"@type":"CommentAction","name":"Comment","target":["https:\/\/association-recherche-enfance-adolescence.org\/index.php\/2022\/10\/02\/lenfance-mise-au-pas-hors-serie-2\/#respond"]}]},{"@type":"Person","@id":"https:\/\/association-recherche-enfance-adolescence.org\/#\/schema\/person\/fbd4fdbaa46fda5229375ce86e3e0009","name":"vinz","url":"https:\/\/association-recherche-enfance-adolescence.org\/index.php\/author\/vinz\/"}]}},"_links":{"self":[{"href":"https:\/\/association-recherche-enfance-adolescence.org\/index.php\/wp-json\/wp\/v2\/posts\/605","targetHints":{"allow":["GET"]}}],"collection":[{"href":"https:\/\/association-recherche-enfance-adolescence.org\/index.php\/wp-json\/wp\/v2\/posts"}],"about":[{"href":"https:\/\/association-recherche-enfance-adolescence.org\/index.php\/wp-json\/wp\/v2\/types\/post"}],"author":[{"embeddable":true,"href":"https:\/\/association-recherche-enfance-adolescence.org\/index.php\/wp-json\/wp\/v2\/users\/1"}],"replies":[{"embeddable":true,"href":"https:\/\/association-recherche-enfance-adolescence.org\/index.php\/wp-json\/wp\/v2\/comments?post=605"}],"version-history":[{"count":9,"href":"https:\/\/association-recherche-enfance-adolescence.org\/index.php\/wp-json\/wp\/v2\/posts\/605\/revisions"}],"predecessor-version":[{"id":1131,"href":"https:\/\/association-recherche-enfance-adolescence.org\/index.php\/wp-json\/wp\/v2\/posts\/605\/revisions\/1131"}],"wp:featuredmedia":[{"embeddable":true,"href":"https:\/\/association-recherche-enfance-adolescence.org\/index.php\/wp-json\/wp\/v2\/media\/1073"}],"wp:attachment":[{"href":"https:\/\/association-recherche-enfance-adolescence.org\/index.php\/wp-json\/wp\/v2\/media?parent=605"}],"wp:term":[{"taxonomy":"category","embeddable":true,"href":"https:\/\/association-recherche-enfance-adolescence.org\/index.php\/wp-json\/wp\/v2\/categories?post=605"},{"taxonomy":"post_tag","embeddable":true,"href":"https:\/\/association-recherche-enfance-adolescence.org\/index.php\/wp-json\/wp\/v2\/tags?post=605"}],"curies":[{"name":"wp","href":"https:\/\/api.w.org\/{rel}","templated":true}]}}