{"id":783,"date":"2023-12-21T18:54:27","date_gmt":"2023-12-21T17:54:27","guid":{"rendered":"http:\/\/association-recherche-enfance-adolescence.org\/?p=783"},"modified":"2024-03-27T12:25:49","modified_gmt":"2024-03-27T11:25:49","slug":"nrea-9-les-troubles-de-lidentite-sexuelle-a-ladolescence","status":"publish","type":"post","link":"https:\/\/association-recherche-enfance-adolescence.org\/index.php\/2023\/12\/21\/nrea-9-les-troubles-de-lidentite-sexuelle-a-ladolescence\/","title":{"rendered":"NREA 9 : Les troubles de l&rsquo;identit\u00e9 sexuelle \u00e0 l&rsquo;adolescence"},"content":{"rendered":"\n[et_pb_section fb_built=\u00a0\u00bb1&Prime; _builder_version=\u00a0\u00bb4.20.2&Prime; _module_preset=\u00a0\u00bbdefault\u00a0\u00bb global_colors_info=\u00a0\u00bb{}\u00a0\u00bb][et_pb_row _builder_version=\u00a0\u00bb4.20.2&Prime; _module_preset=\u00a0\u00bbdefault\u00a0\u00bb global_colors_info=\u00a0\u00bb{}\u00a0\u00bb][et_pb_column type=\u00a0\u00bb4_4&Prime; _builder_version=\u00a0\u00bb4.20.2&Prime; _module_preset=\u00a0\u00bbdefault\u00a0\u00bb global_colors_info=\u00a0\u00bb{}\u00a0\u00bb][et_pb_text _builder_version=\u00a0\u00bb4.20.2&Prime; _module_preset=\u00a0\u00bbdefault\u00a0\u00bb global_colors_info=\u00a0\u00bb{}\u00a0\u00bb]<p><span style=\"font-size: x-large;\"><strong>LES TROUBLES DE L&rsquo;IDENTIT\u00c9 SEXUELLE A L&rsquo;ADOLESCENCE<\/strong><\/span><\/p>\n<p>Au moment o\u00f9 les questions de genre s&rsquo;imposent dans le champ social comme scientifique, o\u00f9 la th\u00e9orie du genre et la repr\u00e9sentation d&rsquo;une fluidit\u00e9 des identit\u00e9s sexu\u00e9es semblent remettre en cause l&rsquo;id\u00e9e d&rsquo;un d\u00e9terminisme inconscient au profit du contexte politico-social, au risque de confondre les deux registres comme on confond parfois le manifeste et le latent, il est temps de rappeler que cette question est indissociable des tourments de l&rsquo;adolescence.<\/p>\n<p>Qu&rsquo;en est-il de l&rsquo;\u00e9volution de repr\u00e9sentations concernant ce que Freud appelait la psycho-sexualit\u00e9 ? Nos approches th\u00e9rapeutiques doivent-elles \u00eatre sensiblement modifi\u00e9es pour mieux entendre la souffrance des adolescents d&rsquo;aujourd&rsquo;hui ? \u00c0 l&rsquo;\u00e8re du digital et des avanc\u00e9es technologiques touchant tant nos pratiques que nos mod\u00e9lisations, il est indispensable d\u2019inventer, de recr\u00e9er, d&rsquo;imaginer. Se laisser surprendre par des id\u00e9es nouvelles est une voie de passage qui n&rsquo;a jamais manqu\u00e9 dans l&rsquo;histoire de la psychanalyse ce dont il sera question d&rsquo;illustrer dans ce num\u00e9ro.<\/p>\n<p style=\"font-weight: 400;\"><strong>\u00c9DITORIAL<\/strong><\/p>\n<p style=\"font-weight: 400;\">Emmanuelle Granier<\/p>\n<p style=\"font-weight: 400;\"><strong>INTRODUCTION<\/strong><\/p>\n<p style=\"font-weight: 400;\">Florian Houssier &amp; Marion Haza-Pery<\/p>\n<ol>\n<li><em><strong>LES TH\u00c9ORIES PSYCHANALYTIQUES<\/strong><\/em><\/li>\n<\/ol>\n<p style=\"font-weight: 400;\">\u00c0 L&rsquo;\u00c9PREUVE DU GENRE<\/p>\n<p style=\"font-weight: 400;\">Vers une clinique de l&rsquo;anticipation sociale : la rencontre de la psychanalyse et du genre<\/p>\n<p style=\"font-weight: 400;\"><em>Jean-Baptiste Marchand<\/em><\/p>\n<p style=\"font-weight: 400;\">Devenir femme : f\u00e9minin pur et changent eh&rsquo; catastrophique \u00e0 l&rsquo;adolescence<\/p>\n<p style=\"font-weight: 400;\"><em>Florian Houssier<\/em><\/p>\n<p style=\"font-weight: 400;\">Du \u00ab refus du f\u00e9minin \u00bb adolescent \u00e0 une demande de transidentit\u00e9<\/p>\n<p style=\"font-weight: 400;\"><em>Jacqueline Schaeffer<\/em><\/p>\n<p style=\"font-weight: 400;\">Transidentit\u00e9 : vers un renouvellement de l&rsquo;\u00e9coute en sant\u00e9 psychique<\/p>\n<p style=\"font-weight: 400;\"><em>Chrystelle LagrangeNiloufar Forno, et Nicolas Mendes<\/em><\/p>\n<ol start=\"2\">\n<li><strong><em>ENJEUX DE L&rsquo;IDENTIT\u00c9 SEXUELLE\u00a0<\/em><em><span style=\"font-size: 14px;\">ET DE LA SEXUALIT\u00c9 \u00c0 L&rsquo;ADOLESCENCE<\/span><\/em><\/strong><\/li>\n<\/ol>\n<p style=\"font-weight: 400;\">\u00ab Les balbutiements du sexe \u00bb<\/p>\n<p style=\"font-weight: 400;\"><em>Fran\u00e7ois Pommier<\/em><\/p>\n<p style=\"font-weight: 400;\">Troubles de l&rsquo;identit\u00e9 sexuelle \u00e0 l&rsquo;adolescence<\/p>\n<p style=\"font-weight: 400;\"><em>Vincent Estellon<\/em><\/p>\n<p style=\"font-weight: 400;\"><strong><em>\u00a03. LES PRISES EN CHARGE D&rsquo;ADOLESCENTS E?i DEMANDE DE TRANSITION<\/em><\/strong><\/p>\n<p style=\"font-weight: 400;\">Transidentit\u00e9 et seuil pubertaire<\/p>\n<p style=\"font-weight: 400;\"><em>Val\u00e9rie Adrian<\/em><\/p>\n<p style=\"font-weight: 400;\">Transm\u00e9dia et transidentit\u00e9 : la culture geek comme espace suffisamment safe en th\u00e9rapie<\/p>\n<p style=\"font-weight: 400;\"><em>Arnaud Sylla<\/em><\/p>\n<p style=\"font-weight: 400;\">Trouble dans la relation transf\u00e9ro\/contre transf\u00e9rentielle<\/p>\n<p style=\"font-weight: 400;\"><em>Philippe Givre<\/em><\/p>\n<p style=\"font-weight: 400;\"><strong>VARIA<\/strong><\/p>\n<p style=\"font-weight: 400;\">Pr\u00e9vention des conduites addictives et de la souffrance psychique \u00e0 l&rsquo;adolescence : sp\u00e9cificit\u00e9s du m\u00e9dium film d&rsquo;animation d&rsquo;auteur<\/p>\n<p style=\"font-weight: 400;\"><em>Nathalie Petit<\/em><\/p>\n<p style=\"font-weight: 400;\"><em><\/em><\/p>\n<p style=\"font-weight: 400;\"><em><\/em><\/p>\n<h1 style=\"text-align: center;\"><strong><span style=\"font-size: medium;\">R\u00c9SUM\u00c9S ET MOTS-CL\u00c9S<\/span><\/strong><\/h1>\n<p style=\"font-weight: 400;\"><strong>\u00a0<\/strong><\/p>\n<p style=\"font-weight: 400;\"><strong>Vers une clinique d\u2019anticipation sociale, la rencontre de la psychanalyse et du genre<\/strong><\/p>\n<p style=\"font-weight: 400;\"><em><strong>Jean-Baptiste Marchand<\/strong><\/em><\/p>\n<p style=\"font-weight: 400;\"><strong>R\u00e9sum\u00e9\u00a0: <\/strong>Actuellement, le genre et la dysphorie de genre font l\u2019objet de nombreux d\u00e9bats. De son c\u00f4t\u00e9, la psychanalyse n\u2019est pas \u00e9pargn\u00e9e. Elle est invit\u00e9e par le genre \u00e0 une importante remise au travail. Ainsi, cet article reviendra sur la d\u00e9finition du genre, sur la dysphorie de genre et ses r\u00e9centes \u00e9volutions, ainsi que sur les actualit\u00e9s et d\u00e9bats se rapportant \u00e0 ceux-ci, avant de revenir sur la rencontre du genre et de la psychanalyse, dans ce que nous nommons une clinique d\u2019anticipation sociale.<\/p>\n<p style=\"font-weight: 400;\"><strong>Mots-cl\u00e9s\u00a0: <\/strong>Genre \u2013 transgenre \u2013 dysphorie de genre \u2014 incongruence de genre \u2013 psychanalyse<\/p>\n<p style=\"font-weight: 400;\"><strong>Summary: <\/strong>Currently, gender and gender dysphoria are the subject of numerous debates. Psychoanalysis, on its side, is not spared. It is challenged by gender to undergo significant reevaluation. Thus, this article will revisit the definition of gender, gender dysphoria and its recent developments, as well as the news and debates related to these topics, before delving into the intersection of gender and psychoanalysis, in what we refer to as a social anticipatory clinic.<\/p>\n<p style=\"font-weight: 400;\"><strong>Keywords:<\/strong> Gender\u2009\u2013\u2009transgender\u2009\u2013\u2009gender dysphoria\u2009\u2013\u2009gender incongruence\u2009\u2013\u2009psychoanalysis<\/p>\n<p style=\"font-weight: 400;\"><strong>Devenir une femme\u00a0: f\u00e9minin pur\u00a0et changement catastrophique \u00e0 l\u2019adolescence<\/strong><\/p>\n<p style=\"font-weight: 400;\"><em><strong>Florian Houssier<\/strong><\/em><\/p>\n<p style=\"font-weight: 400;\"><strong>R\u00e9sum\u00e9\u00a0:<\/strong> \u00c0 partir des nombreuses questions ouvertes par les enjeux psychiques conflictuels li\u00e9s au d\u00e9sir de changement de sexe \u00e0 l\u2019adolescence, nous \u00e9voquons certains aspects th\u00e9oriques des probl\u00e9matiques identificatoires et de la haine du corps sexu\u00e9. De l\u00e0, nous explorons une situation clinique concernant le d\u00e9sir d\u2019un jeune adolescent de devenir une femme, en mettant l\u2019accent sur l\u2019hypoth\u00e8se du f\u00e9minin pur dans la relation m\u00e8re-b\u00e9b\u00e9 et sur l\u2019impact du pubertaire v\u00e9cu comme un changement catastrophique.\u00a0<\/p>\n<p style=\"font-weight: 400;\"><strong>Mots-cl\u00e9s\u00a0:<\/strong> Adolescence \u2013 Changement de sexe \u2013 Changement catastrophique \u2013 Haine \u2013 Traumatisme transg\u00e9n\u00e9rationnel<\/p>\n<p style=\"font-weight: 400;\"><strong>Summary:<\/strong> From the many questions opened by the conflicting psychic stakes linked to the desire of sex change in adolescence, we evoke some theoretical aspects of the identificatory problems and the hatred of the gendered body. From there, we explore a clinical situation concerning a young adolescent\u2019s desire to become a woman, focusing on the hypothesis of the pure feminine in the mother-baby relationship and on the impact of puberty experienced as a catastrophic change.<\/p>\n<p style=\"font-weight: 400;\"><strong>Key-words:<\/strong> Adolescence \u2013 Sex change \u2013 Catastrophic change \u2013 Hate \u2013 Transgenerational trauma<\/p>\n<p style=\"font-weight: 400;\"><strong>D\u2019un \u00ab\u2009refus du f\u00e9minin\u2009\u00bb adolescent a\u0300 une demande de transidentit\u00e9\u2009? <\/strong><\/p>\n<p style=\"font-weight: 400;\"><em><strong>Jacqueline Schaeffer<\/strong><\/em><\/p>\n<p style=\"font-weight: 400;\"><strong>R\u00e9sum\u00e9\u00a0: <\/strong>L\u2019auteur examine le bien-fond\u00e9 d\u2019une demande de changement de genre et de sexe, chez les adolescents, particuli\u00e8rement les jeunes filles. Lorsque le mal-\u00eatre a fait l\u2019objet d\u2019une investigation approfondie, quelques hypoth\u00e8ses psychanalytiques, pr\u00e9sent\u00e9es en 9\u00a0points, tentent d\u2019\u00e9clairer une demande imp\u00e9rative de changement de genre et de sexe.\u00a0<\/p>\n<p style=\"font-weight: 400;\"><strong>Mots-cl\u00e9s\u00a0<\/strong>: pubert\u00e9 \u2013 haine \u2013 contagion \u2014 diff\u00e9rence des sexes \u2014 alt\u00e9rit\u00e9.<\/p>\n<p style=\"font-weight: 400;\"><strong>Summary<\/strong>: The author examines the validity of a demand for gender and sex change in adolescents, particularly young girls. When the malaise has been thoroughly investigated, some psychoanalytical hypotheses, presented in 9 points, try to shed light on an imperative demand for gender and sex change.<\/p>\n<p style=\"font-weight: 400;\"><strong>Key-words:<\/strong> puberty\u2009\u2013\u2009hatred\u2009\u2013\u2009contagion\u2009\u2013\u2009gender difference\u2009\u2013\u2009alterity.<\/p>\n<p style=\"font-weight: 400;\"><strong>Transidentit\u00e9\u00a0: actualiser l\u2019\u00e9coute en sant\u00e9 psychique<\/strong><\/p>\n<p style=\"font-weight: 400;\"><em><strong>Chrystelle Lagrange, Niloufar Forno et Nicolas Mendes<\/strong><\/em><\/p>\n<p style=\"font-weight: 400;\">\u00a0<\/p>\n<p style=\"font-weight: 400;\"><strong>R\u00e9sum\u00e9\u00a0: <\/strong>Cet article traite de l\u2019\u00e9coute des subjectivit\u00e9s contemporaines et en particulier de la transidentit\u00e9 depuis une approche transaffirmative qui valorise le respect et la reconnaissance de l\u2019exp\u00e9rience du genre de chaque individu. Apr\u00e8s avoir \u00e9clair\u00e9 et historicis\u00e9 la notion de transidentit\u00e9 et expliqu\u00e9 la d\u00e9psychiatrisation sous l\u2019effet des collectifs de personnes concern\u00e9es et d\u2019une \u00e9volution des recommandations internationales, nous aborderons les diff\u00e9rents volets de la prise en soins. Les transitions sociales, m\u00e9dicales, chirurgicales et juridiques seront pr\u00e9sent\u00e9es, ainsi que les d\u00e9fis psychosociaux auxquels les personnes trans font face. Le soutien par les pairs et l\u2019autosupport est essentiel pour am\u00e9liorer le bien-\u00eatre mental, \u00e9motionnel et l\u2019inclusivit\u00e9 sociale des personnes concern\u00e9es. L\u2019article souligne les discriminations et les violences que les personnes trans subissent, impactant leur sant\u00e9 mentale, les relations avec les pairs et l\u2019insertion socioprofessionnelle.<\/p>\n<p style=\"font-weight: 400;\"><strong>Mots-cl\u00e9s\u00a0:<\/strong> transidentit\u00e9 \u2013 affirmation de genre \u2013 cisnormativit\u00e9 \u2013 transitions \u2013 subjectivit\u00e9s contemporaines \u2014 contretransferts<\/p>\n<p style=\"font-weight: 400;\">\u00a0<\/p>\n<p style=\"font-weight: 400;\"><strong>Summary<\/strong>: This article discusses the listening to contemporary subjectivities, particularly focusing on transgender experiences, from a trans-affirmative approach that values respect and recognition of each individual\u2019s gender experience. After shedding light on and contextualizing the concept of transgender identity and explaining the depathologization resulting from the efforts of affected communities and international recommendations, we will address various aspects of care. Social, medical, surgical, and legal transitions will be presented, as well as the psychosocial challenges that transgender individuals face. Peer support and self-help are crucial for improving the mental and emotional well-being and social inclusivity of those affected. The article emphasizes the discrimination and violence that transgender individuals endure, which impact their mental health, peer relationships, and socio-professional integration.<\/p>\n<p style=\"font-weight: 400;\"><strong>Key words:<\/strong> Transidentity \u2013 Gender Affirmation \u2013 Cisnormativity \u2013 Transitions \u2013 Contemporary Subjectivities \u2013Countertransference<\/p>\n<p style=\"font-weight: 400;\">\u00a0<\/p>\n<p style=\"font-weight: 400;\"><strong>\u2018Les balbutiements du sexe\u2019.\u00a0\u00a0<\/strong><\/p>\n<p style=\"font-weight: 400;\"><em><strong>Fran\u00e7ois Pommier<\/strong><\/em><\/p>\n<p style=\"font-weight: 400;\"><strong>R\u00e9sum\u00e9\u00a0: <\/strong>En s\u2019appuyant et en croisant les probl\u00e9matiques de trois cas cliniques et trois situations de personnages extraits de la litt\u00e9rature, l\u2019auteur de ce texte cherche \u00e0 mettre en \u00e9vidence les t\u00e2tonnements, les oscillations et le vacillement de la sexualit\u00e9 en rapport avec les processus adolescents, autour du d\u00e9sir de se lib\u00e9rer, d\u2019appartenir et de s\u2019identifier. Au fil du propos on voit comment les balbutiements de la sexualit\u00e9 adolescente se retrouvent dans la sexualit\u00e9 adulte et comment l\u2019ind\u00e9cision, en mati\u00e8re de sexualit\u00e9, op\u00e8re le jeu du proche et du lointain.<\/p>\n<p style=\"font-weight: 400;\"><strong>Mots-cl\u00e9s\u00a0<\/strong>: ambig\u00fcit\u00e9 \u2014 m\u00e9tissage \u2013 identit\u00e9 \u2013 sexualit\u00e9 \u2014 fragmentaire \u2014 ind\u00e9cision<\/p>\n<p style=\"font-weight: 400;\"><strong>Summary<\/strong>: Bases on and crossing issues of three clinical cases and three situations of characters taken from the literature, the author of this text seeks to highlight the trial and error, the oscillations and the vacillation of sexuality in relation to the processes adolescents, around the desire to free themselves, to belong and to identify. Along the way we see how the beginnings of adolescent sexuality are found in adult sexuality and how indecision, in matters of sexuality, operates the game of near and far.<\/p>\n<p style=\"font-weight: 400;\"><strong>Key words<\/strong>: ambiguity\u2009\u2013\u2009interbreeding\u2009\u2013\u2009identity\u2009\u2013\u2009sexual fragmentary\u2009\u2013\u2009indecision<\/p>\n<p style=\"font-weight: 400;\"><strong>Troubles de l\u2019identit\u00e9 sexuelle \u00e0 l\u2019adolescence<\/strong><\/p>\n<p style=\"font-weight: 400;\"><em><strong>Vincent Estellon<\/strong><\/em><\/p>\n<p style=\"font-weight: 400;\"><strong>R\u00e9sum\u00e9\u00a0: <\/strong>A partir de la pr\u00e9sentation clinique d\u2019un adolescent aux prises avec une confusion des sentiments envers l\u2019un de ses meilleurs amis, nous explorons les vacillements des investissements affectifs, identificatoires, amoureux et sexuel lors de la travers\u00e9e adolescente.<\/p>\n<p style=\"font-weight: 400;\"><strong>Mots cl\u00e9s\u00a0:<\/strong> adolescence \u2013 blessure \u2013 homo\u00e9rotisme \u2014 confusion des sentiments.<\/p>\n<p style=\"font-weight: 400;\"><strong>Summary<\/strong>: Based on the clinical presentation of an adolescent struggling with a confusion of feelings towards one of his best friends, we explore the vacillations of affective, identificatory, love and sexual investments during the adolescent crossing.<\/p>\n<p style=\"font-weight: 400;\"><strong>Key words:<\/strong> Adolescence\u2009\u2013\u2009injury\u2009\u2013\u2009homoeroticism\u2009\u2013\u2009confusion of feelings.<\/p>\n<p style=\"font-weight: 400;\"><strong>Transidentit\u00e9s et seuil pubertaire<\/strong><\/p>\n<p style=\"font-weight: 400;\"><em><strong>Val\u00e9rie Adrian<\/strong><\/em><\/p>\n<p style=\"font-weight: 400;\"><strong>R\u00e9sum\u00e9\u00a0: <\/strong>Le seuil pubertaire est connu pour \u00eatre une phase d\u00e9veloppementale essentielle dans la construction identitaire du sujet, en particulier de son identit\u00e9 de genre. Toutefois, la litt\u00e9rature scientifique ne permet pas \u00e0 ce jour d\u2019en comprendre la complexit\u00e9 ph\u00e9nom\u00e9nologique. \u00c0 partir de l\u2019exp\u00e9rience d\u2019accompagnement d\u2019enfants et adolescents pr\u00e9sentant des variances de genre, une approche compr\u00e9hensive de la diversit\u00e9 des trajectoires d\u00e9veloppementales de l\u2019identit\u00e9 de genre sera discut\u00e9e \u00e0 partir des trois piliers th\u00e9oriques. Le premier pilier concerne les apports th\u00e9oriques psychanalytiques d\u00e9crivant les remaniements psychiques de l\u2019identit\u00e9 nucl\u00e9aire d\u2019assignation au cours de l\u2019adolescence. Le r\u00f4le de la cr\u00e9ation d\u2019une identit\u00e9 narrative au seuil pubertaire sera interrog\u00e9. De plus, l\u2019\u00e9volution contemporaine des formes de transitionnalit\u00e9 et de l\u2019usage des objets connect\u00e9s questionnera la place de la culture contemporaine dans l\u2019\u00e9mergence des constructions transidentiaires au seuil pubertaire.<\/p>\n<p style=\"font-weight: 400;\"><strong>Mots-cl\u00e9s\u00a0<\/strong>: Transidentit\u00e9 \u2014 pubert\u00e9 \u2013 assignation \u2014 identit\u00e9 narrative \u2014 transitionnalit\u00e9.<\/p>\n<p style=\"font-weight: 400;\"><strong>Summary<\/strong>: Puberty is known to be a \u2018key point\u2019 in the developmental acquisition of a core gender identity. However, it remains a complex phenomenon implying multiple factors. Understanding youth narrative may require several theorical concept. Based on the training in a gender clinic for child and adolescent, we propose to consider the lighting of French psychanalysis theory about gender assignment and philosophy about narrative identity to promote a better understanding of gender identity construction during the beginning of puberty. Futhermore, the role of evolution of transitional phenomena in contemporary culture will be discussed.<\/p>\n<p style=\"font-weight: 400;\"><strong>Key words:<\/strong> Transidentity\u2009\u2013\u2009puberty\u2009\u2013\u2009gender assignment\u2009\u2013\u2009narrative identity\u2009\u2013\u2009transitional phenomena.<\/p>\n<p style=\"font-weight: 400;\"><strong>Transmedia et transidentit\u00e9\u00a0: la culture Geek comme espace suffisamment safe en th\u00e9rapie<\/strong><\/p>\n<p style=\"font-weight: 400;\"><em><strong>Arnaud Sylla<\/strong><\/em><\/p>\n<p style=\"font-weight: 400;\"><strong>R\u00e9sum\u00e9<\/strong>\u00a0: \u00c0 partir d\u2019une situation clinique d\u2019un adolescent trans, nous nous poserons la question de ce qu\u2019il est possible de formuler en r\u00e9ponse et \u00e0 partir du transfert en lien avec les objets culturels contemporains. Les connexions, intertextuelles et transm\u00e9diatiques, entre les cultures <em>geek <\/em>et <em>queer <\/em>constitueront un point de d\u00e9part au processus th\u00e9rapeutique, lequel aura accompagn\u00e9 les transitions sociales et corporelles de ce patient en trois temps. In fine, les transitions, tant pour le patient que dans le positionnement du th\u00e9rapeute, interrogent le \u00ab\u2009qu\u2019est-ce que je fous l\u00e0\u2009\u00bb et les effets du transfert trans adolescent entre refus du f\u00e9minin et de la f\u00e9minit\u00e9.<\/p>\n<p style=\"font-weight: 400;\"><strong>Mots-cl\u00e9s\u00a0<\/strong>: Culture geek\/queer \u2014 Adolescence \u2013 transidentit\u00e9 \u2013 m\u00e9diation \u2014 jeu vid\u00e9o.<\/p>\n<p style=\"font-weight: 400;\"><strong>Summary:<\/strong> Starting from a clinical situation of a transgender adolescent, we will explore the question of what can be formulated in response and derived from the transference in connection with contemporary cultural objects. The intertextual and transmediatic connections between geek and queer cultures will serve as a starting point for the therapeutic process, which will accompany the social and bodily transitions of this patient in three stages. Ultimately, the transitions, both for the patient and in the therapist\u2019s position, raise the question of \u2018what am I doing here\u2019 and the effects of the adolescent transference involving the rejection of femininity and the feminine.<\/p>\n<p style=\"font-weight: 400;\"><strong>Key words:<\/strong> Geek\/Queer Culture \u2013 Adolescence \u2013 Transidentity \u2013 Mediation \u2013 Video Games<\/p>\n<p style=\"font-weight: 400;\"><strong>Trouble dans la relation transf\u00e9ro\/contre-transf\u00e9rentielle<\/strong><\/p>\n<p style=\"font-weight: 400;\"><em><strong>Philippe Givre<\/strong><\/em><\/p>\n<p style=\"font-weight: 400;\"><strong>R\u00e9sum\u00e9\u00a0: <\/strong>L\u2019externalisation des processus psychiques, li\u00e9s \u00e0 la question de la sexuation ou de l\u2019orientation sexuelle, ne reste pas sans retentissements sur ce qui se joue au sein de la relation th\u00e9rapeutique. En mobilisant pr\u00e9f\u00e9rentiellement des transferts par retournement, les sujets en proie \u00e0 des troubles de l\u2019identit\u00e9 sexu\u00e9e ou \u00e0 des dysphories de genre peuvent ainsi susciter des ph\u00e9nom\u00e8nes contre-transf\u00e9rentiels particuli\u00e8rement troublants, en venant questionner chez l\u2019analyste les modalit\u00e9s d\u2019int\u00e9gration de sa propre bisexualit\u00e9.<\/p>\n<p style=\"font-weight: 400;\"><strong>Mots-cl\u00e9s\u00a0<\/strong>: Bisexualit\u00e9 \u2013 Double transitionnel \u2013 externalisation \u2014 objet troublant \u2014 transfert par retournement.<\/p>\n<p style=\"font-weight: 400;\"><strong>Summary:<\/strong> The externalisation of psychological processes, corrolated to the issue of sexuation or of sexual orientation, has a tremendous impact within the framework of the therapeutic relationship. While primarily mobilising reversal transferences, the patients prone to sexual gender\/identity disorders or either to gender disphoria, can actually generate rather disturbing countertransferences phenomena, that question the therapeutic integration\u2019s modalities of the analyst\u2019s own bisexuality.<\/p>\n<p style=\"font-weight: 400;\"><strong>Key words:<\/strong> Bisexuality\u2009\u2013\u2009transitional twin\u2009\u2013\u2009externalisation\u2009\u2013\u2009disturbing object\u2009\u2013\u2009reversal transference.<\/p>\n<p style=\"font-weight: 400;\">\u00a0<\/p>\n<p style=\"font-weight: 400;\"><strong>Pr\u00e9vention des conduites addictives et de la souffrance psychique \u00e0 l\u2019adolescence\u00a0: sp\u00e9cificit\u00e9s du m\u00e9dium film d\u2019animation d\u2019auteur<\/strong><\/p>\n<p style=\"font-weight: 400;\"><em><strong>Nathalie Petit<\/strong><\/em><\/p>\n<p style=\"font-weight: 400;\"><strong>R\u00e9sum\u00e9\u00a0:<\/strong> M\u2019appuyant sur les th\u00e9ories psychanalytiques et dans le champ d\u2019\u00e9tude des groupes \u00e0 m\u00e9diation, je me suis engag\u00e9e, dans la cr\u00e9ation d\u2019un dispositif de pr\u00e9vention\u00a0que j\u2019ai nomm\u00e9 <em>Exp\u00e9riences anim\u00e9es<\/em>. Je l\u2019ai \u00e9labor\u00e9, \u00e0 la suite d\u2019une pratique psychoth\u00e9rapeutique en addictologie. Il est issu de questionnements cliniques et d\u2019une insatisfaction \u00e0 l\u2019\u00e9gard des pratiques en pr\u00e9vention des conduites addictives en milieu scolaire. Il est une proposition nouvelle. Les modalit\u00e9s d\u2019interventions du dispositif ont \u00e9t\u00e9 ajust\u00e9es\u2009; \u00e0 ce qu\u2019un \u00e9tablissement scolaire fran\u00e7ais est en mesure d\u2019accueillir dans son organisation quotidienne, \u00e0 sa capacit\u00e9 \u00e0 mobiliser des ressources de personnels, mais surtout aux sp\u00e9cificit\u00e9s du fonctionnement psychique \u00e0 l\u2019adolescence. Cet \u00e9crit pr\u00e9sente bri\u00e8vement l\u2019approche en pr\u00e9vention que je d\u00e9veloppe, le cadre g\u00e9n\u00e9ral d\u2019intervention d\u2019<em>Exp\u00e9riences anim\u00e9es<\/em> et enfin les qualit\u00e9s sp\u00e9cifiques du m\u00e9dium utilis\u00e9 dans ce dispositif de groupe \u00e0 m\u00e9diation.<\/p>\n<p style=\"font-weight: 400;\">\u00a0<\/p>\n<p style=\"font-weight: 400;\"><strong>Mots cl\u00e9s<\/strong>\u00a0: Pr\u00e9vention \u2014 adolescence \u2013 symbolisation \u2013 m\u00e9diation \u2013 cin\u00e9ma<\/p>\n<p style=\"font-weight: 400;\">\u00a0<\/p>\n<p style=\"font-weight: 400;\"><strong>Summary<\/strong>: Drawing on psychoanalytic theories and within the field of group mediation studies, I embarked on the creation of a preventive program that I named \u2018Animated Experiences.\u2019 I developed it following psychotherapeutic practice in addiction treatment. It emerged from clinical inquiries and a dissatisfaction with current practices in preventing addictive behaviors in school environments. It represents a novel proposition. The intervention methods of the program have been tailored to what a French school establishment can accommodate within its daily organization, its ability to mobilize personnel resources, but above all, to the specific functioning of the adolescent psyche. This writing briefly presents the prevention approach I am developing, the general framework of intervention for \u2018Animated Experiences,\u2019 and finally, the specific qualities of the medium used in this group mediation program.<\/p>\n<p style=\"font-weight: 400;\">\u00a0<\/p>\n<p style=\"font-weight: 400;\"><strong>Key words:<\/strong> Prevention\u2009\u2013\u2009adolescent\u2009\u2013\u2009symbolization\u2009\u2013\u2009mediation \u2013 cinema.<\/p>\n<p style=\"font-weight: 400;\"><span>\u00a0<\/span><\/p>\n<p style=\"font-weight: 400;\"><\/p>[\/et_pb_text][\/et_pb_column][\/et_pb_row][et_pb_row _builder_version=\u00a0\u00bb4.20.2&Prime; _module_preset=\u00a0\u00bbdefault\u00a0\u00bb global_colors_info=\u00a0\u00bb{}\u00a0\u00bb][et_pb_column type=\u00a0\u00bb4_4&Prime; _builder_version=\u00a0\u00bb4.20.2&Prime; _module_preset=\u00a0\u00bbdefault\u00a0\u00bb global_colors_info=\u00a0\u00bb{}\u00a0\u00bb][et_pb_text _builder_version=\u00a0\u00bb4.20.2&Prime; _module_preset=\u00a0\u00bbdefault\u00a0\u00bb global_colors_info=\u00a0\u00bb{}\u00a0\u00bb][\/et_pb_text][\/et_pb_column][\/et_pb_row][et_pb_row _builder_version=\u00a0\u00bb4.20.2&Prime; _module_preset=\u00a0\u00bbdefault\u00a0\u00bb global_colors_info=\u00a0\u00bb{}\u00a0\u00bb][et_pb_column type=\u00a0\u00bb4_4&Prime; _builder_version=\u00a0\u00bb4.20.2&Prime; _module_preset=\u00a0\u00bbdefault\u00a0\u00bb global_colors_info=\u00a0\u00bb{}\u00a0\u00bb][et_pb_text _builder_version=\u00a0\u00bb4.20.2&Prime; _module_preset=\u00a0\u00bbdefault\u00a0\u00bb global_colors_info=\u00a0\u00bb{}\u00a0\u00bb][\/et_pb_text][\/et_pb_column][\/et_pb_row][\/et_pb_section]\n","protected":false},"excerpt":{"rendered":"<p>LES TROUBLES DE L&rsquo;IDENTIT\u00c9 SEXUELLE A L&rsquo;ADOLESCENCE Au moment o\u00f9 les questions de genre s&rsquo;imposent dans le champ social comme scientifique, o\u00f9 la th\u00e9orie du genre et la repr\u00e9sentation d&rsquo;une fluidit\u00e9 des identit\u00e9s sexu\u00e9es semblent remettre en cause l&rsquo;id\u00e9e d&rsquo;un d\u00e9terminisme inconscient au profit du contexte politico-social, au risque de confondre les deux registres comme [&hellip;]<\/p>\n","protected":false},"author":1,"featured_media":1050,"comment_status":"open","ping_status":"open","sticky":false,"template":"","format":"standard","meta":{"_et_pb_use_builder":"on","_et_pb_old_content":"","_et_gb_content_width":"","footnotes":""},"categories":[1],"tags":[],"class_list":["post-783","post","type-post","status-publish","format-standard","has-post-thumbnail","hentry","category-non-classe"],"yoast_head":"<!-- This site is optimized with the Yoast SEO plugin v18.2 - https:\/\/yoast.com\/wordpress\/plugins\/seo\/ -->\n<title>NREA 9 : Les troubles de l&#039;identit\u00e9 sexuelle \u00e0 l&#039;adolescence - AREA<\/title>\n<meta name=\"robots\" content=\"index, follow, max-snippet:-1, max-image-preview:large, max-video-preview:-1\" \/>\n<link rel=\"canonical\" href=\"https:\/\/association-recherche-enfance-adolescence.org\/index.php\/2023\/12\/21\/nrea-9-les-troubles-de-lidentite-sexuelle-a-ladolescence\/\" \/>\n<meta property=\"og:locale\" content=\"fr_FR\" \/>\n<meta property=\"og:type\" content=\"article\" \/>\n<meta property=\"og:title\" content=\"NREA 9 : Les troubles de l&#039;identit\u00e9 sexuelle \u00e0 l&#039;adolescence - AREA\" \/>\n<meta property=\"og:description\" content=\"LES TROUBLES DE L&#039;IDENTIT\u00c9 SEXUELLE A L&#039;ADOLESCENCE Au moment o\u00f9 les questions de genre s&#039;imposent dans le champ social comme scientifique, o\u00f9 la th\u00e9orie du genre et la repr\u00e9sentation d&#039;une fluidit\u00e9 des identit\u00e9s sexu\u00e9es semblent remettre en cause l&#039;id\u00e9e d&#039;un d\u00e9terminisme inconscient au profit du contexte politico-social, au risque de confondre les deux registres comme [&hellip;]\" \/>\n<meta property=\"og:url\" content=\"https:\/\/association-recherche-enfance-adolescence.org\/index.php\/2023\/12\/21\/nrea-9-les-troubles-de-lidentite-sexuelle-a-ladolescence\/\" \/>\n<meta property=\"og:site_name\" content=\"AREA\" \/>\n<meta property=\"article:published_time\" content=\"2023-12-21T17:54:27+00:00\" \/>\n<meta property=\"article:modified_time\" content=\"2024-03-27T11:25:49+00:00\" \/>\n<meta property=\"og:image\" content=\"https:\/\/association-recherche-enfance-adolescence.org\/wp-content\/uploads\/2024\/03\/NREA-9-tit-scaled.jpg\" \/>\n\t<meta property=\"og:image:width\" content=\"2560\" \/>\n\t<meta property=\"og:image:height\" content=\"1712\" \/>\n\t<meta property=\"og:image:type\" content=\"image\/jpeg\" \/>\n<meta name=\"twitter:card\" content=\"summary_large_image\" \/>\n<meta name=\"twitter:label1\" content=\"\u00c9crit par\" \/>\n\t<meta name=\"twitter:data1\" content=\"vinz\" \/>\n<script type=\"application\/ld+json\" class=\"yoast-schema-graph\">{\"@context\":\"https:\/\/schema.org\",\"@graph\":[{\"@type\":\"Organization\",\"@id\":\"https:\/\/association-recherche-enfance-adolescence.org\/#organization\",\"name\":\"Association pour la Recherche sur l\u2019Enfance et l\u2019Adolescence\",\"url\":\"https:\/\/association-recherche-enfance-adolescence.org\/\",\"sameAs\":[],\"logo\":{\"@type\":\"ImageObject\",\"@id\":\"https:\/\/association-recherche-enfance-adolescence.org\/#logo\",\"inLanguage\":\"fr-FR\",\"url\":\"https:\/\/association-recherche-enfance-adolescence.org\/wp-content\/uploads\/2022\/03\/logo-area-.png\",\"contentUrl\":\"https:\/\/association-recherche-enfance-adolescence.org\/wp-content\/uploads\/2022\/03\/logo-area-.png\",\"width\":400,\"height\":447,\"caption\":\"Association pour la Recherche sur l\u2019Enfance et l\u2019Adolescence\"},\"image\":{\"@id\":\"https:\/\/association-recherche-enfance-adolescence.org\/#logo\"}},{\"@type\":\"WebSite\",\"@id\":\"https:\/\/association-recherche-enfance-adolescence.org\/#website\",\"url\":\"https:\/\/association-recherche-enfance-adolescence.org\/\",\"name\":\"AREA\",\"description\":\"Association de Recherche sur l&#039;Enfance et l&#039;Adolescence\",\"publisher\":{\"@id\":\"https:\/\/association-recherche-enfance-adolescence.org\/#organization\"},\"potentialAction\":[{\"@type\":\"SearchAction\",\"target\":{\"@type\":\"EntryPoint\",\"urlTemplate\":\"https:\/\/association-recherche-enfance-adolescence.org\/?s={search_term_string}\"},\"query-input\":\"required name=search_term_string\"}],\"inLanguage\":\"fr-FR\"},{\"@type\":\"ImageObject\",\"@id\":\"https:\/\/association-recherche-enfance-adolescence.org\/index.php\/2023\/12\/21\/nrea-9-les-troubles-de-lidentite-sexuelle-a-ladolescence\/#primaryimage\",\"inLanguage\":\"fr-FR\",\"url\":\"https:\/\/association-recherche-enfance-adolescence.org\/wp-content\/uploads\/2024\/03\/NREA-9-tit-scaled.jpg\",\"contentUrl\":\"https:\/\/association-recherche-enfance-adolescence.org\/wp-content\/uploads\/2024\/03\/NREA-9-tit-scaled.jpg\",\"width\":2560,\"height\":1712},{\"@type\":\"WebPage\",\"@id\":\"https:\/\/association-recherche-enfance-adolescence.org\/index.php\/2023\/12\/21\/nrea-9-les-troubles-de-lidentite-sexuelle-a-ladolescence\/#webpage\",\"url\":\"https:\/\/association-recherche-enfance-adolescence.org\/index.php\/2023\/12\/21\/nrea-9-les-troubles-de-lidentite-sexuelle-a-ladolescence\/\",\"name\":\"NREA 9 : Les troubles de l'identit\u00e9 sexuelle \u00e0 l'adolescence - AREA\",\"isPartOf\":{\"@id\":\"https:\/\/association-recherche-enfance-adolescence.org\/#website\"},\"primaryImageOfPage\":{\"@id\":\"https:\/\/association-recherche-enfance-adolescence.org\/index.php\/2023\/12\/21\/nrea-9-les-troubles-de-lidentite-sexuelle-a-ladolescence\/#primaryimage\"},\"datePublished\":\"2023-12-21T17:54:27+00:00\",\"dateModified\":\"2024-03-27T11:25:49+00:00\",\"breadcrumb\":{\"@id\":\"https:\/\/association-recherche-enfance-adolescence.org\/index.php\/2023\/12\/21\/nrea-9-les-troubles-de-lidentite-sexuelle-a-ladolescence\/#breadcrumb\"},\"inLanguage\":\"fr-FR\",\"potentialAction\":[{\"@type\":\"ReadAction\",\"target\":[\"https:\/\/association-recherche-enfance-adolescence.org\/index.php\/2023\/12\/21\/nrea-9-les-troubles-de-lidentite-sexuelle-a-ladolescence\/\"]}]},{\"@type\":\"BreadcrumbList\",\"@id\":\"https:\/\/association-recherche-enfance-adolescence.org\/index.php\/2023\/12\/21\/nrea-9-les-troubles-de-lidentite-sexuelle-a-ladolescence\/#breadcrumb\",\"itemListElement\":[{\"@type\":\"ListItem\",\"position\":1,\"name\":\"Accueil\",\"item\":\"https:\/\/association-recherche-enfance-adolescence.org\/\"},{\"@type\":\"ListItem\",\"position\":2,\"name\":\"NREA 9 : Les troubles de l&rsquo;identit\u00e9 sexuelle \u00e0 l&rsquo;adolescence\"}]},{\"@type\":\"Article\",\"@id\":\"https:\/\/association-recherche-enfance-adolescence.org\/index.php\/2023\/12\/21\/nrea-9-les-troubles-de-lidentite-sexuelle-a-ladolescence\/#article\",\"isPartOf\":{\"@id\":\"https:\/\/association-recherche-enfance-adolescence.org\/index.php\/2023\/12\/21\/nrea-9-les-troubles-de-lidentite-sexuelle-a-ladolescence\/#webpage\"},\"author\":{\"@id\":\"https:\/\/association-recherche-enfance-adolescence.org\/#\/schema\/person\/fbd4fdbaa46fda5229375ce86e3e0009\"},\"headline\":\"NREA 9 : Les troubles de l&rsquo;identit\u00e9 sexuelle \u00e0 l&rsquo;adolescence\",\"datePublished\":\"2023-12-21T17:54:27+00:00\",\"dateModified\":\"2024-03-27T11:25:49+00:00\",\"mainEntityOfPage\":{\"@id\":\"https:\/\/association-recherche-enfance-adolescence.org\/index.php\/2023\/12\/21\/nrea-9-les-troubles-de-lidentite-sexuelle-a-ladolescence\/#webpage\"},\"wordCount\":2731,\"commentCount\":0,\"publisher\":{\"@id\":\"https:\/\/association-recherche-enfance-adolescence.org\/#organization\"},\"image\":{\"@id\":\"https:\/\/association-recherche-enfance-adolescence.org\/index.php\/2023\/12\/21\/nrea-9-les-troubles-de-lidentite-sexuelle-a-ladolescence\/#primaryimage\"},\"thumbnailUrl\":\"https:\/\/association-recherche-enfance-adolescence.org\/wp-content\/uploads\/2024\/03\/NREA-9-tit-scaled.jpg\",\"inLanguage\":\"fr-FR\",\"potentialAction\":[{\"@type\":\"CommentAction\",\"name\":\"Comment\",\"target\":[\"https:\/\/association-recherche-enfance-adolescence.org\/index.php\/2023\/12\/21\/nrea-9-les-troubles-de-lidentite-sexuelle-a-ladolescence\/#respond\"]}]},{\"@type\":\"Person\",\"@id\":\"https:\/\/association-recherche-enfance-adolescence.org\/#\/schema\/person\/fbd4fdbaa46fda5229375ce86e3e0009\",\"name\":\"vinz\",\"url\":\"https:\/\/association-recherche-enfance-adolescence.org\/index.php\/author\/vinz\/\"}]}<\/script>\n<!-- \/ Yoast SEO plugin. -->","yoast_head_json":{"title":"NREA 9 : Les troubles de l'identit\u00e9 sexuelle \u00e0 l'adolescence - AREA","robots":{"index":"index","follow":"follow","max-snippet":"max-snippet:-1","max-image-preview":"max-image-preview:large","max-video-preview":"max-video-preview:-1"},"canonical":"https:\/\/association-recherche-enfance-adolescence.org\/index.php\/2023\/12\/21\/nrea-9-les-troubles-de-lidentite-sexuelle-a-ladolescence\/","og_locale":"fr_FR","og_type":"article","og_title":"NREA 9 : Les troubles de l'identit\u00e9 sexuelle \u00e0 l'adolescence - AREA","og_description":"LES TROUBLES DE L'IDENTIT\u00c9 SEXUELLE A L'ADOLESCENCE Au moment o\u00f9 les questions de genre s'imposent dans le champ social comme scientifique, o\u00f9 la th\u00e9orie du genre et la repr\u00e9sentation d'une fluidit\u00e9 des identit\u00e9s sexu\u00e9es semblent remettre en cause l'id\u00e9e d'un d\u00e9terminisme inconscient au profit du contexte politico-social, au risque de confondre les deux registres comme [&hellip;]","og_url":"https:\/\/association-recherche-enfance-adolescence.org\/index.php\/2023\/12\/21\/nrea-9-les-troubles-de-lidentite-sexuelle-a-ladolescence\/","og_site_name":"AREA","article_published_time":"2023-12-21T17:54:27+00:00","article_modified_time":"2024-03-27T11:25:49+00:00","og_image":[{"width":2560,"height":1712,"url":"https:\/\/association-recherche-enfance-adolescence.org\/wp-content\/uploads\/2024\/03\/NREA-9-tit-scaled.jpg","type":"image\/jpeg"}],"twitter_card":"summary_large_image","twitter_misc":{"\u00c9crit par":"vinz"},"schema":{"@context":"https:\/\/schema.org","@graph":[{"@type":"Organization","@id":"https:\/\/association-recherche-enfance-adolescence.org\/#organization","name":"Association pour la Recherche sur l\u2019Enfance et l\u2019Adolescence","url":"https:\/\/association-recherche-enfance-adolescence.org\/","sameAs":[],"logo":{"@type":"ImageObject","@id":"https:\/\/association-recherche-enfance-adolescence.org\/#logo","inLanguage":"fr-FR","url":"https:\/\/association-recherche-enfance-adolescence.org\/wp-content\/uploads\/2022\/03\/logo-area-.png","contentUrl":"https:\/\/association-recherche-enfance-adolescence.org\/wp-content\/uploads\/2022\/03\/logo-area-.png","width":400,"height":447,"caption":"Association pour la Recherche sur l\u2019Enfance et l\u2019Adolescence"},"image":{"@id":"https:\/\/association-recherche-enfance-adolescence.org\/#logo"}},{"@type":"WebSite","@id":"https:\/\/association-recherche-enfance-adolescence.org\/#website","url":"https:\/\/association-recherche-enfance-adolescence.org\/","name":"AREA","description":"Association de Recherche sur l&#039;Enfance et l&#039;Adolescence","publisher":{"@id":"https:\/\/association-recherche-enfance-adolescence.org\/#organization"},"potentialAction":[{"@type":"SearchAction","target":{"@type":"EntryPoint","urlTemplate":"https:\/\/association-recherche-enfance-adolescence.org\/?s={search_term_string}"},"query-input":"required name=search_term_string"}],"inLanguage":"fr-FR"},{"@type":"ImageObject","@id":"https:\/\/association-recherche-enfance-adolescence.org\/index.php\/2023\/12\/21\/nrea-9-les-troubles-de-lidentite-sexuelle-a-ladolescence\/#primaryimage","inLanguage":"fr-FR","url":"https:\/\/association-recherche-enfance-adolescence.org\/wp-content\/uploads\/2024\/03\/NREA-9-tit-scaled.jpg","contentUrl":"https:\/\/association-recherche-enfance-adolescence.org\/wp-content\/uploads\/2024\/03\/NREA-9-tit-scaled.jpg","width":2560,"height":1712},{"@type":"WebPage","@id":"https:\/\/association-recherche-enfance-adolescence.org\/index.php\/2023\/12\/21\/nrea-9-les-troubles-de-lidentite-sexuelle-a-ladolescence\/#webpage","url":"https:\/\/association-recherche-enfance-adolescence.org\/index.php\/2023\/12\/21\/nrea-9-les-troubles-de-lidentite-sexuelle-a-ladolescence\/","name":"NREA 9 : Les troubles de l'identit\u00e9 sexuelle \u00e0 l'adolescence - AREA","isPartOf":{"@id":"https:\/\/association-recherche-enfance-adolescence.org\/#website"},"primaryImageOfPage":{"@id":"https:\/\/association-recherche-enfance-adolescence.org\/index.php\/2023\/12\/21\/nrea-9-les-troubles-de-lidentite-sexuelle-a-ladolescence\/#primaryimage"},"datePublished":"2023-12-21T17:54:27+00:00","dateModified":"2024-03-27T11:25:49+00:00","breadcrumb":{"@id":"https:\/\/association-recherche-enfance-adolescence.org\/index.php\/2023\/12\/21\/nrea-9-les-troubles-de-lidentite-sexuelle-a-ladolescence\/#breadcrumb"},"inLanguage":"fr-FR","potentialAction":[{"@type":"ReadAction","target":["https:\/\/association-recherche-enfance-adolescence.org\/index.php\/2023\/12\/21\/nrea-9-les-troubles-de-lidentite-sexuelle-a-ladolescence\/"]}]},{"@type":"BreadcrumbList","@id":"https:\/\/association-recherche-enfance-adolescence.org\/index.php\/2023\/12\/21\/nrea-9-les-troubles-de-lidentite-sexuelle-a-ladolescence\/#breadcrumb","itemListElement":[{"@type":"ListItem","position":1,"name":"Accueil","item":"https:\/\/association-recherche-enfance-adolescence.org\/"},{"@type":"ListItem","position":2,"name":"NREA 9 : Les troubles de l&rsquo;identit\u00e9 sexuelle \u00e0 l&rsquo;adolescence"}]},{"@type":"Article","@id":"https:\/\/association-recherche-enfance-adolescence.org\/index.php\/2023\/12\/21\/nrea-9-les-troubles-de-lidentite-sexuelle-a-ladolescence\/#article","isPartOf":{"@id":"https:\/\/association-recherche-enfance-adolescence.org\/index.php\/2023\/12\/21\/nrea-9-les-troubles-de-lidentite-sexuelle-a-ladolescence\/#webpage"},"author":{"@id":"https:\/\/association-recherche-enfance-adolescence.org\/#\/schema\/person\/fbd4fdbaa46fda5229375ce86e3e0009"},"headline":"NREA 9 : Les troubles de l&rsquo;identit\u00e9 sexuelle \u00e0 l&rsquo;adolescence","datePublished":"2023-12-21T17:54:27+00:00","dateModified":"2024-03-27T11:25:49+00:00","mainEntityOfPage":{"@id":"https:\/\/association-recherche-enfance-adolescence.org\/index.php\/2023\/12\/21\/nrea-9-les-troubles-de-lidentite-sexuelle-a-ladolescence\/#webpage"},"wordCount":2731,"commentCount":0,"publisher":{"@id":"https:\/\/association-recherche-enfance-adolescence.org\/#organization"},"image":{"@id":"https:\/\/association-recherche-enfance-adolescence.org\/index.php\/2023\/12\/21\/nrea-9-les-troubles-de-lidentite-sexuelle-a-ladolescence\/#primaryimage"},"thumbnailUrl":"https:\/\/association-recherche-enfance-adolescence.org\/wp-content\/uploads\/2024\/03\/NREA-9-tit-scaled.jpg","inLanguage":"fr-FR","potentialAction":[{"@type":"CommentAction","name":"Comment","target":["https:\/\/association-recherche-enfance-adolescence.org\/index.php\/2023\/12\/21\/nrea-9-les-troubles-de-lidentite-sexuelle-a-ladolescence\/#respond"]}]},{"@type":"Person","@id":"https:\/\/association-recherche-enfance-adolescence.org\/#\/schema\/person\/fbd4fdbaa46fda5229375ce86e3e0009","name":"vinz","url":"https:\/\/association-recherche-enfance-adolescence.org\/index.php\/author\/vinz\/"}]}},"_links":{"self":[{"href":"https:\/\/association-recherche-enfance-adolescence.org\/index.php\/wp-json\/wp\/v2\/posts\/783","targetHints":{"allow":["GET"]}}],"collection":[{"href":"https:\/\/association-recherche-enfance-adolescence.org\/index.php\/wp-json\/wp\/v2\/posts"}],"about":[{"href":"https:\/\/association-recherche-enfance-adolescence.org\/index.php\/wp-json\/wp\/v2\/types\/post"}],"author":[{"embeddable":true,"href":"https:\/\/association-recherche-enfance-adolescence.org\/index.php\/wp-json\/wp\/v2\/users\/1"}],"replies":[{"embeddable":true,"href":"https:\/\/association-recherche-enfance-adolescence.org\/index.php\/wp-json\/wp\/v2\/comments?post=783"}],"version-history":[{"count":15,"href":"https:\/\/association-recherche-enfance-adolescence.org\/index.php\/wp-json\/wp\/v2\/posts\/783\/revisions"}],"predecessor-version":[{"id":1055,"href":"https:\/\/association-recherche-enfance-adolescence.org\/index.php\/wp-json\/wp\/v2\/posts\/783\/revisions\/1055"}],"wp:featuredmedia":[{"embeddable":true,"href":"https:\/\/association-recherche-enfance-adolescence.org\/index.php\/wp-json\/wp\/v2\/media\/1050"}],"wp:attachment":[{"href":"https:\/\/association-recherche-enfance-adolescence.org\/index.php\/wp-json\/wp\/v2\/media?parent=783"}],"wp:term":[{"taxonomy":"category","embeddable":true,"href":"https:\/\/association-recherche-enfance-adolescence.org\/index.php\/wp-json\/wp\/v2\/categories?post=783"},{"taxonomy":"post_tag","embeddable":true,"href":"https:\/\/association-recherche-enfance-adolescence.org\/index.php\/wp-json\/wp\/v2\/tags?post=783"}],"curies":[{"name":"wp","href":"https:\/\/api.w.org\/{rel}","templated":true}]}}