{"id":900,"date":"2024-01-25T11:04:02","date_gmt":"2024-01-25T10:04:02","guid":{"rendered":"https:\/\/association-recherche-enfance-adolescence.org\/?p=900"},"modified":"2024-01-25T11:04:02","modified_gmt":"2024-01-25T10:04:02","slug":"900","status":"publish","type":"post","link":"https:\/\/association-recherche-enfance-adolescence.org\/index.php\/2024\/01\/25\/900\/","title":{"rendered":""},"content":{"rendered":"<p>[et_pb_section fb_built=\u00a0\u00bb1&Prime; theme_builder_area=\u00a0\u00bbpost_content\u00a0\u00bb _builder_version=\u00a0\u00bb4.24.0&Prime; _module_preset=\u00a0\u00bbdefault\u00a0\u00bb][et_pb_row _builder_version=\u00a0\u00bb4.24.0&Prime; _module_preset=\u00a0\u00bbdefault\u00a0\u00bb theme_builder_area=\u00a0\u00bbpost_content\u00a0\u00bb][et_pb_column _builder_version=\u00a0\u00bb4.24.0&Prime; _module_preset=\u00a0\u00bbdefault\u00a0\u00bb type=\u00a0\u00bb4_4&Prime; theme_builder_area=\u00a0\u00bbpost_content\u00a0\u00bb][et_pb_text _builder_version=\u00a0\u00bb4.24.0&Prime; _module_preset=\u00a0\u00bbdefault\u00a0\u00bb theme_builder_area=\u00a0\u00bbpost_content\u00a0\u00bb text_font_size=\u00a0\u00bb19px\u00a0\u00bb hover_enabled=\u00a0\u00bb0&Prime; sticky_enabled=\u00a0\u00bb0&Prime; custom_margin=\u00a0\u00bb|||5px|false|false\u00a0\u00bb border_color_all=\u00a0\u00bb#FFFFFF\u00a0\u00bb]<\/p>\n<h1><span style=\"font-size: xx-large;\"><strong><span class=\"Apple-converted-space\">\u00a0<\/span>INSTITUT CONTEMPORAIN DE L&rsquo;ENFANCE<\/strong><\/span><\/h1>\n<p><strong>PR BERNARD GOLS<\/strong>E,<\/p>\n<p>PRESIDENT FONDATEUR<\/p>\n<p>Monsieur le Pr\u00e9sident de la R\u00e9publique, Monsieur le Premier Ministre,<\/p>\n<p>Paris, le 23 janvier 2024,<\/p>\n<p>\u00ab On est de son enfance comme on est d&rsquo;un pays \u00bb Antoine De Saint-Exup\u00e9ry<\/p>\n<p>L&rsquo;enfance est-elle vraiment une probl\u00e9matique prioritaire?<\/p>\n<p>Nos enfants et notre jeunesse souffrent.<\/p>\n<p>En tant que p\u00e9dopsychiatre et fondateur de l&rsquo;Institut Contemporain de l&rsquo;Enfance, je ne peux que constater le fait que la politique de l&rsquo;enfance est aujourd&rsquo;hui en \u00e9chec.<\/p>\n<p>Alors que vous \u00e9voquez le \u00abr\u00e9armement civique de la jeunesse \u00bbcomme r\u00e9ponse \u00e0 la crise que<\/p>\n<p>nous traversons, comment entendez-vous prot\u00e9ger et permettre aux enfants de s&rsquo;\u00e9panouir et de se d\u00e9velopper?<\/p>\n<p>L&rsquo;\u00c9tat ne peut pas et ne doit pas se limiter \u00e0 se pr\u00e9munir face \u00e0 un enfant per\u00e7u comme<\/p>\n<p>dangereux. Il a au contraire pour devoir de penser \u00e0 l&rsquo;enfant vuln\u00e9rable, potentiellement en danger et d&rsquo;accompagner la jeunesse vers l&rsquo;\u00e9panouissement. Les enfants ne sont pas un danger pour la soci\u00e9t\u00e9 mais eux, me semble-t-il, ressentent de plus en plus la soci\u00e9t\u00e9 comme une source de menaces.<\/p>\n<p>La situation de la p\u00e9dopsychiatrie, comme vous le savez, est actuellement catastrophique en France<\/p>\n<p>Mais mes inqui\u00e9tudes sont plus larges et m&rsquo;am\u00e8nent \u00e0 me demander si l&rsquo;enfant est sinc\u00e8rement une v\u00e9ritable priorit\u00e9 politique.<\/p>\n<p>Je ne vous donnerai ici que quelques exemples dans lesquels s&rsquo;enracine mon questionnement :<\/p>\n<p>Sans revenir sur les conclusions du rapport de la Cour des Comptes pilot\u00e9 par Juliette<\/p>\n<p>M\u00e9adel que j&rsquo;ai accompagn\u00e9e, l&rsquo;ensemble des soignants et des familles sent bien aujourd&rsquo;hui que la p\u00e9dopsychiatrie est en passe de dispara\u00eetre.<\/p>\n<p>Mais que vont devenir les propositions \u00e9nonc\u00e9es dans ce rapport et qui concernent notamment la n\u00e9cessit\u00e9 de redoter et de requalifier massivement notre dispositif<\/p>\n<p>sectoriel que le monde entier nous a envie du fait de ses principes egalitaires et d\u00e9mocratiques?<\/p>\n<p>L&rsquo;augmentation de la prescription de psychotropes utilement d\u00e9nonc\u00e9e par le Rapport du<\/p>\n<p>Haut Conseil de la Famille, de l&rsquo;Enfance et de l&rsquo;\u00c2ge (HCFEA) vaut comme un sympt\u00f4me alarmant de la crise de la p\u00e9dopsychiatrie.<\/p>\n<p>&nbsp;<\/p>\n<p><span class=\"Apple-converted-space\">\u00a0<\/span>La biologie et les neurosciences ne r\u00e9sumeront jamais \u00e0 elles seules le tout du vivant, et la n\u00e9cessit\u00e9 d&rsquo;une p\u00e9dopsychiatrie humaniste et efficace est plus n\u00e9cessaire que jamais \u00e0 l&rsquo;heure actuelle, notamment au d\u00e9cours de la pand\u00e9mie du Covid qui a entra\u00een\u00e9 une<\/p>\n<p>augmentation consid\u00e9rable de la souffrance psychique des jeunes et des tentatives de suicide chez les adolescents et m\u00eame chez les enfants<\/p>\n<p>\u2022 La situation de la protection de l&rsquo;Enfance est absolument dramatique et le \u00abPlan Marschall pour la protection de l&rsquo;enfance \u00bb publi\u00e9 r\u00e9cemment propose des mesures imm\u00e9diates dont nous ne savons m\u00eame pas si elles vont \u00eatre retenues ou non&#8230;<\/p>\n<p>Le bon fonctionnement de l&rsquo;Aide Sociale \u00e0 l&rsquo;Enfance devrait pourtant \u00eatre une priorit\u00e9 absolue de l&rsquo;\u00c9tat : l&rsquo;\u00e9thique d&rsquo;une soci\u00e9t\u00e9 se mesure \u00e0 l&rsquo;aune de l&rsquo;attention qu&rsquo;elle apporte \u00e0 ses membres les plus fragiles.<\/p>\n<p>\u2022 Les professionnels de la petite enfance tirent depuis des ann\u00e9es la sonnette d&rsquo;alarme et le r\u00e9cent rapport de l&rsquo;IGAS (avril 2023) a pris acte des d\u00e9faillances et des insuffisances quantitatives et qualitatives de nos lieux d&rsquo;accueil pour les tout-petits.<\/p>\n<p>Faut-il attendre de nouveaux accidents et de nouvelles morts d&rsquo;enfants pour r\u00e9agir v\u00e9ritablement?<\/p>\n<p>Les d\u00e9crets dits \u00abMorano \u00bbont abouti dans les cr\u00e8ches \u00e0 un ratio enfants\/adultes tout \u00e0 fait inacceptable et la privatisation des lieux d&rsquo;accueil ne va pas sans poser de graves<\/p>\n<p>probl\u00e8mes car nous ne voulons pas qu&rsquo;un scandale du type ORPEA se rejoue dans le monde de la petite enfance !<\/p>\n<p>L&rsquo;id\u00e9e de mettre fin \u00e0 la d\u00e9r\u00e9glementation du secteur de la petite enfance a \u00e9t\u00e9 avanc\u00e9e<\/p>\n<p>mais combien de temps va-t-il falloir pour redresser r\u00e9ellement et durablement la situation?<\/p>\n<p>Le temps de la petite enfance et le temps des politiques ne sont pas les m\u00eames, il y a urgence.<\/p>\n<p>Que deviennent les Assises de la P\u00e9diatrie qui comportent un volet \u00ab Sant\u00e9 mentale \u00bb?<\/p>\n<p>De report en report, nous ne savons m\u00eame plus d\u00e9sormais si elles se tiendront un jour &#8230; Le pis-aller qui consiste \u00e0 imposer des enfants sans solution \u00e0 des \u00e9quipes qui ne sont<\/p>\n<p>pas en mesure de leur offrir des soins adapt\u00e9s, doit imp\u00e9rativement cesser au plus vite<\/p>\n<p>&gt; \u00c0propos de l&rsquo;\u00e9cole, je ne ferai que citer le statut dramatique des auxiliaires pour les \u00e9l\u00e8ves en situation de handicap (AESH) dont le statut, le nombre, la valorisation et la formation sont tellement insuffisants qu&rsquo;en mati\u00e8re d&rsquo;autisme nous nous dirigeons vers une p\u00e9dopsychiatrie de classe totalement inacceptable dans la mesure o\u00f9, si nous poursuivons ainsi, seules les familles ais\u00e9es pourront bient\u00f4t acc\u00e9der \u00e0 des auxiliaires de qualit\u00e9 et susceptibles de travailler dans la dur\u00e9e<\/p>\n<p>En d\u00e9pit de tout ce qui est dit actuellement, souhaitez-vous r\u00e9ellement faire en sorte que l&rsquo;\u00e9cole puisse donner \u00e0 chaque enfant les movens de se construire?<\/p>\n<p>\u00c0propos enfin des troubles du spectre autistique, la strat\u00e9gie nationale qui a \u00e9t\u00e9 pr\u00e9cis\u00e9e est proprement illisible et invisible, et les moyens allou\u00e9s tout \u00e0 fait insuffisants donnent le sentiment que rien ne va v\u00e9ritablement changer pour les familles au cours des prochaines ann\u00e9es.<\/p>\n<p>Le fait de noyer l&rsquo;autisme dans les troubles dits neuro-d\u00e9veloppementaux (TND) dilue la question si sp\u00e9cifique de l&rsquo;autisme de mani\u00e8re dommageable.<\/p>\n<p>Alors que comptez-vous faire finalement, pour nos enfants, pour les enfants de la R\u00e9publique?<\/p>\n<p>&nbsp;<\/p>\n<p><span class=\"Apple-converted-space\">\u00a0<\/span><\/p>\n<p>[\/et_pb_text][\/et_pb_column][\/et_pb_row][\/et_pb_section]<\/p>\n","protected":false},"excerpt":{"rendered":"<p>\u00a0INSTITUT CONTEMPORAIN DE L&rsquo;ENFANCE PR BERNARD GOLSE, PRESIDENT FONDATEUR Monsieur le Pr\u00e9sident de la R\u00e9publique, Monsieur le Premier Ministre, Paris, le 23 janvier 2024, \u00ab On est de son enfance comme on est d&rsquo;un pays \u00bb Antoine De Saint-Exup\u00e9ry L&rsquo;enfance est-elle vraiment une probl\u00e9matique prioritaire? Nos enfants et notre jeunesse souffrent. En tant que p\u00e9dopsychiatre [&hellip;]<\/p>\n","protected":false},"author":1,"featured_media":0,"comment_status":"closed","ping_status":"closed","sticky":false,"template":"","format":"standard","meta":{"_et_pb_use_builder":"on","_et_pb_old_content":"","_et_gb_content_width":"","footnotes":""},"categories":[1],"tags":[],"class_list":["post-900","post","type-post","status-publish","format-standard","hentry","category-non-classe"],"yoast_head":"<!-- This site is optimized with the Yoast SEO plugin v18.2 - https:\/\/yoast.com\/wordpress\/plugins\/seo\/ -->\n<title>- AREA<\/title>\n<meta name=\"robots\" content=\"index, follow, max-snippet:-1, max-image-preview:large, max-video-preview:-1\" \/>\n<link rel=\"canonical\" href=\"https:\/\/association-recherche-enfance-adolescence.org\/index.php\/2024\/01\/25\/900\/\" \/>\n<meta property=\"og:locale\" content=\"fr_FR\" \/>\n<meta property=\"og:type\" content=\"article\" \/>\n<meta property=\"og:title\" content=\"- AREA\" \/>\n<meta property=\"og:description\" content=\"\u00a0INSTITUT CONTEMPORAIN DE L&#039;ENFANCE PR BERNARD GOLSE, PRESIDENT FONDATEUR Monsieur le Pr\u00e9sident de la R\u00e9publique, Monsieur le Premier Ministre, Paris, le 23 janvier 2024, \u00ab On est de son enfance comme on est d&#039;un pays \u00bb Antoine De Saint-Exup\u00e9ry L&#039;enfance est-elle vraiment une probl\u00e9matique prioritaire? Nos enfants et notre jeunesse souffrent. En tant que p\u00e9dopsychiatre [&hellip;]\" \/>\n<meta property=\"og:url\" content=\"https:\/\/association-recherche-enfance-adolescence.org\/index.php\/2024\/01\/25\/900\/\" \/>\n<meta property=\"og:site_name\" content=\"AREA\" \/>\n<meta property=\"article:published_time\" content=\"2024-01-25T10:04:02+00:00\" \/>\n<meta name=\"twitter:card\" content=\"summary_large_image\" \/>\n<meta name=\"twitter:label1\" content=\"\u00c9crit par\" \/>\n\t<meta name=\"twitter:data1\" content=\"vinz\" \/>\n<script type=\"application\/ld+json\" class=\"yoast-schema-graph\">{\"@context\":\"https:\/\/schema.org\",\"@graph\":[{\"@type\":\"Organization\",\"@id\":\"https:\/\/association-recherche-enfance-adolescence.org\/#organization\",\"name\":\"Association pour la Recherche sur l\u2019Enfance et l\u2019Adolescence\",\"url\":\"https:\/\/association-recherche-enfance-adolescence.org\/\",\"sameAs\":[],\"logo\":{\"@type\":\"ImageObject\",\"@id\":\"https:\/\/association-recherche-enfance-adolescence.org\/#logo\",\"inLanguage\":\"fr-FR\",\"url\":\"https:\/\/association-recherche-enfance-adolescence.org\/wp-content\/uploads\/2022\/03\/logo-area-.png\",\"contentUrl\":\"https:\/\/association-recherche-enfance-adolescence.org\/wp-content\/uploads\/2022\/03\/logo-area-.png\",\"width\":400,\"height\":447,\"caption\":\"Association pour la Recherche sur l\u2019Enfance et l\u2019Adolescence\"},\"image\":{\"@id\":\"https:\/\/association-recherche-enfance-adolescence.org\/#logo\"}},{\"@type\":\"WebSite\",\"@id\":\"https:\/\/association-recherche-enfance-adolescence.org\/#website\",\"url\":\"https:\/\/association-recherche-enfance-adolescence.org\/\",\"name\":\"AREA\",\"description\":\"Association de Recherche sur l&#039;Enfance et l&#039;Adolescence\",\"publisher\":{\"@id\":\"https:\/\/association-recherche-enfance-adolescence.org\/#organization\"},\"potentialAction\":[{\"@type\":\"SearchAction\",\"target\":{\"@type\":\"EntryPoint\",\"urlTemplate\":\"https:\/\/association-recherche-enfance-adolescence.org\/?s={search_term_string}\"},\"query-input\":\"required name=search_term_string\"}],\"inLanguage\":\"fr-FR\"},{\"@type\":\"WebPage\",\"@id\":\"https:\/\/association-recherche-enfance-adolescence.org\/index.php\/2024\/01\/25\/900\/#webpage\",\"url\":\"https:\/\/association-recherche-enfance-adolescence.org\/index.php\/2024\/01\/25\/900\/\",\"name\":\"- AREA\",\"isPartOf\":{\"@id\":\"https:\/\/association-recherche-enfance-adolescence.org\/#website\"},\"datePublished\":\"2024-01-25T10:04:02+00:00\",\"dateModified\":\"2024-01-25T10:04:02+00:00\",\"breadcrumb\":{\"@id\":\"https:\/\/association-recherche-enfance-adolescence.org\/index.php\/2024\/01\/25\/900\/#breadcrumb\"},\"inLanguage\":\"fr-FR\",\"potentialAction\":[{\"@type\":\"ReadAction\",\"target\":[\"https:\/\/association-recherche-enfance-adolescence.org\/index.php\/2024\/01\/25\/900\/\"]}]},{\"@type\":\"BreadcrumbList\",\"@id\":\"https:\/\/association-recherche-enfance-adolescence.org\/index.php\/2024\/01\/25\/900\/#breadcrumb\",\"itemListElement\":[{\"@type\":\"ListItem\",\"position\":1,\"name\":\"Accueil\",\"item\":\"https:\/\/association-recherche-enfance-adolescence.org\/\"},{\"@type\":\"ListItem\",\"position\":2,\"name\":\"\"}]},{\"@type\":\"Article\",\"@id\":\"https:\/\/association-recherche-enfance-adolescence.org\/index.php\/2024\/01\/25\/900\/#article\",\"isPartOf\":{\"@id\":\"https:\/\/association-recherche-enfance-adolescence.org\/index.php\/2024\/01\/25\/900\/#webpage\"},\"author\":{\"@id\":\"https:\/\/association-recherche-enfance-adolescence.org\/#\/schema\/person\/fbd4fdbaa46fda5229375ce86e3e0009\"},\"headline\":\"Aucun titre\",\"datePublished\":\"2024-01-25T10:04:02+00:00\",\"dateModified\":\"2024-01-25T10:04:02+00:00\",\"mainEntityOfPage\":{\"@id\":\"https:\/\/association-recherche-enfance-adolescence.org\/index.php\/2024\/01\/25\/900\/#webpage\"},\"wordCount\":1010,\"publisher\":{\"@id\":\"https:\/\/association-recherche-enfance-adolescence.org\/#organization\"},\"inLanguage\":\"fr-FR\"},{\"@type\":\"Person\",\"@id\":\"https:\/\/association-recherche-enfance-adolescence.org\/#\/schema\/person\/fbd4fdbaa46fda5229375ce86e3e0009\",\"name\":\"vinz\",\"url\":\"https:\/\/association-recherche-enfance-adolescence.org\/index.php\/author\/vinz\/\"}]}<\/script>\n<!-- \/ Yoast SEO plugin. -->","yoast_head_json":{"title":"- AREA","robots":{"index":"index","follow":"follow","max-snippet":"max-snippet:-1","max-image-preview":"max-image-preview:large","max-video-preview":"max-video-preview:-1"},"canonical":"https:\/\/association-recherche-enfance-adolescence.org\/index.php\/2024\/01\/25\/900\/","og_locale":"fr_FR","og_type":"article","og_title":"- AREA","og_description":"\u00a0INSTITUT CONTEMPORAIN DE L'ENFANCE PR BERNARD GOLSE, PRESIDENT FONDATEUR Monsieur le Pr\u00e9sident de la R\u00e9publique, Monsieur le Premier Ministre, Paris, le 23 janvier 2024, \u00ab On est de son enfance comme on est d'un pays \u00bb Antoine De Saint-Exup\u00e9ry L'enfance est-elle vraiment une probl\u00e9matique prioritaire? Nos enfants et notre jeunesse souffrent. En tant que p\u00e9dopsychiatre [&hellip;]","og_url":"https:\/\/association-recherche-enfance-adolescence.org\/index.php\/2024\/01\/25\/900\/","og_site_name":"AREA","article_published_time":"2024-01-25T10:04:02+00:00","twitter_card":"summary_large_image","twitter_misc":{"\u00c9crit par":"vinz"},"schema":{"@context":"https:\/\/schema.org","@graph":[{"@type":"Organization","@id":"https:\/\/association-recherche-enfance-adolescence.org\/#organization","name":"Association pour la Recherche sur l\u2019Enfance et l\u2019Adolescence","url":"https:\/\/association-recherche-enfance-adolescence.org\/","sameAs":[],"logo":{"@type":"ImageObject","@id":"https:\/\/association-recherche-enfance-adolescence.org\/#logo","inLanguage":"fr-FR","url":"https:\/\/association-recherche-enfance-adolescence.org\/wp-content\/uploads\/2022\/03\/logo-area-.png","contentUrl":"https:\/\/association-recherche-enfance-adolescence.org\/wp-content\/uploads\/2022\/03\/logo-area-.png","width":400,"height":447,"caption":"Association pour la Recherche sur l\u2019Enfance et l\u2019Adolescence"},"image":{"@id":"https:\/\/association-recherche-enfance-adolescence.org\/#logo"}},{"@type":"WebSite","@id":"https:\/\/association-recherche-enfance-adolescence.org\/#website","url":"https:\/\/association-recherche-enfance-adolescence.org\/","name":"AREA","description":"Association de Recherche sur l&#039;Enfance et l&#039;Adolescence","publisher":{"@id":"https:\/\/association-recherche-enfance-adolescence.org\/#organization"},"potentialAction":[{"@type":"SearchAction","target":{"@type":"EntryPoint","urlTemplate":"https:\/\/association-recherche-enfance-adolescence.org\/?s={search_term_string}"},"query-input":"required name=search_term_string"}],"inLanguage":"fr-FR"},{"@type":"WebPage","@id":"https:\/\/association-recherche-enfance-adolescence.org\/index.php\/2024\/01\/25\/900\/#webpage","url":"https:\/\/association-recherche-enfance-adolescence.org\/index.php\/2024\/01\/25\/900\/","name":"- AREA","isPartOf":{"@id":"https:\/\/association-recherche-enfance-adolescence.org\/#website"},"datePublished":"2024-01-25T10:04:02+00:00","dateModified":"2024-01-25T10:04:02+00:00","breadcrumb":{"@id":"https:\/\/association-recherche-enfance-adolescence.org\/index.php\/2024\/01\/25\/900\/#breadcrumb"},"inLanguage":"fr-FR","potentialAction":[{"@type":"ReadAction","target":["https:\/\/association-recherche-enfance-adolescence.org\/index.php\/2024\/01\/25\/900\/"]}]},{"@type":"BreadcrumbList","@id":"https:\/\/association-recherche-enfance-adolescence.org\/index.php\/2024\/01\/25\/900\/#breadcrumb","itemListElement":[{"@type":"ListItem","position":1,"name":"Accueil","item":"https:\/\/association-recherche-enfance-adolescence.org\/"},{"@type":"ListItem","position":2,"name":""}]},{"@type":"Article","@id":"https:\/\/association-recherche-enfance-adolescence.org\/index.php\/2024\/01\/25\/900\/#article","isPartOf":{"@id":"https:\/\/association-recherche-enfance-adolescence.org\/index.php\/2024\/01\/25\/900\/#webpage"},"author":{"@id":"https:\/\/association-recherche-enfance-adolescence.org\/#\/schema\/person\/fbd4fdbaa46fda5229375ce86e3e0009"},"headline":"Aucun titre","datePublished":"2024-01-25T10:04:02+00:00","dateModified":"2024-01-25T10:04:02+00:00","mainEntityOfPage":{"@id":"https:\/\/association-recherche-enfance-adolescence.org\/index.php\/2024\/01\/25\/900\/#webpage"},"wordCount":1010,"publisher":{"@id":"https:\/\/association-recherche-enfance-adolescence.org\/#organization"},"inLanguage":"fr-FR"},{"@type":"Person","@id":"https:\/\/association-recherche-enfance-adolescence.org\/#\/schema\/person\/fbd4fdbaa46fda5229375ce86e3e0009","name":"vinz","url":"https:\/\/association-recherche-enfance-adolescence.org\/index.php\/author\/vinz\/"}]}},"_links":{"self":[{"href":"https:\/\/association-recherche-enfance-adolescence.org\/index.php\/wp-json\/wp\/v2\/posts\/900","targetHints":{"allow":["GET"]}}],"collection":[{"href":"https:\/\/association-recherche-enfance-adolescence.org\/index.php\/wp-json\/wp\/v2\/posts"}],"about":[{"href":"https:\/\/association-recherche-enfance-adolescence.org\/index.php\/wp-json\/wp\/v2\/types\/post"}],"author":[{"embeddable":true,"href":"https:\/\/association-recherche-enfance-adolescence.org\/index.php\/wp-json\/wp\/v2\/users\/1"}],"replies":[{"embeddable":true,"href":"https:\/\/association-recherche-enfance-adolescence.org\/index.php\/wp-json\/wp\/v2\/comments?post=900"}],"version-history":[{"count":2,"href":"https:\/\/association-recherche-enfance-adolescence.org\/index.php\/wp-json\/wp\/v2\/posts\/900\/revisions"}],"predecessor-version":[{"id":903,"href":"https:\/\/association-recherche-enfance-adolescence.org\/index.php\/wp-json\/wp\/v2\/posts\/900\/revisions\/903"}],"wp:attachment":[{"href":"https:\/\/association-recherche-enfance-adolescence.org\/index.php\/wp-json\/wp\/v2\/media?parent=900"}],"wp:term":[{"taxonomy":"category","embeddable":true,"href":"https:\/\/association-recherche-enfance-adolescence.org\/index.php\/wp-json\/wp\/v2\/categories?post=900"},{"taxonomy":"post_tag","embeddable":true,"href":"https:\/\/association-recherche-enfance-adolescence.org\/index.php\/wp-json\/wp\/v2\/tags?post=900"}],"curies":[{"name":"wp","href":"https:\/\/api.w.org\/{rel}","templated":true}]}}